{"id":13775,"date":"2023-06-22T08:04:33","date_gmt":"2023-06-22T06:04:33","guid":{"rendered":"https:\/\/agora.xtec.cat\/escolalavilapalamos\/?p=13775"},"modified":"2023-06-29T15:06:09","modified_gmt":"2023-06-29T13:06:09","slug":"noticies-de-5e","status":"publish","type":"post","link":"https:\/\/agora.xtec.cat\/escolalavilapalamos\/general\/noticies-de-5e\/","title":{"rendered":"Not\u00edcies de 5\u00e8"},"content":{"rendered":"<p>Aquests darrers dies de curs els nois i noies de 5\u00e8 han fet tot de not\u00edcies de les darreres activitats viscudes aquest curs.<\/p>\n<p>Les trobareu <a href=\"https:\/\/photos.app.goo.gl\/DA65FNoK9zEY5aLU7\">AQU\u00cd<\/a><\/p>\n<p>MOLT BON ESTIU!!!!<\/p>\n<p>&nbsp;<\/p>\n<p><a href=\"https:\/\/agora.xtec.cat\/escolalavilapalamos\/wp-content\/uploads\/usu897\/2023\/06\/IMG_2965_Easy-Resize.com_.jpg\"><img loading=\"lazy\" decoding=\"async\" class=\"alignright size-full wp-image-13780\" src=\"https:\/\/agora.xtec.cat\/escolalavilapalamos\/wp-content\/uploads\/usu897\/2023\/06\/IMG_2965_Easy-Resize.com_.jpg\" alt=\"\" width=\"800\" height=\"600\" srcset=\"https:\/\/agora.xtec.cat\/escolalavilapalamos\/wp-content\/uploads\/usu897\/2023\/06\/IMG_2965_Easy-Resize.com_.jpg 800w, https:\/\/agora.xtec.cat\/escolalavilapalamos\/wp-content\/uploads\/usu897\/2023\/06\/IMG_2965_Easy-Resize.com_-300x225.jpg 300w, https:\/\/agora.xtec.cat\/escolalavilapalamos\/wp-content\/uploads\/usu897\/2023\/06\/IMG_2965_Easy-Resize.com_-768x576.jpg 768w, https:\/\/agora.xtec.cat\/escolalavilapalamos\/wp-content\/uploads\/usu897\/2023\/06\/IMG_2965_Easy-Resize.com_-200x150.jpg 200w\" sizes=\"auto, (max-width: 800px) 100vw, 800px\" \/><\/a><\/p>\n","protected":false},"excerpt":{"rendered":"<p>Aquests darrers dies de curs els nois i noies de 5\u00e8 han fet tot de not\u00edcies de les darreres activitats viscudes aquest curs.<br \/>\nLes trobareu <a href=\"https:\/\/photos.app.goo.gl\/DA65FNoK9zEY5aLU7\">AQU\u00cd<\/a><br \/>\nMOLT BON ESTIU!!!!<br \/>\n&nbsp;<br \/>\n<a href=\"https:\/\/agora.xtec.cat\/escolalavilapalamos\/wp-content\/uploads\/usu897\/2023\/06\/IMG_2965_Easy-Resize.com_.jpg\"><\/a><\/p>\n","protected":false},"author":132,"featured_media":13780,"comment_status":"open","ping_status":"closed","sticky":false,"template":"","format":"standard","meta":{"_bbp_topic_count":0,"_bbp_reply_count":0,"_bbp_total_topic_count":0,"_bbp_total_reply_count":0,"_bbp_voice_count":0,"_bbp_anonymous_reply_count":0,"_bbp_topic_count_hidden":0,"_bbp_reply_count_hidden":0,"_bbp_forum_subforum_count":0,"footnotes":""},"categories":[128,1,4],"tags":[],"class_list":["post-13775","post","type-post","status-publish","format-standard","has-post-thumbnail","hentry","category-comunitat-de-grans","category-general","category-portada"],"post_mailing_queue_ids":[],"_links":{"self":[{"href":"https:\/\/agora.xtec.cat\/escolalavilapalamos\/wp-json\/wp\/v2\/posts\/13775","targetHints":{"allow":["GET"]}}],"collection":[{"href":"https:\/\/agora.xtec.cat\/escolalavilapalamos\/wp-json\/wp\/v2\/posts"}],"about":[{"href":"https:\/\/agora.xtec.cat\/escolalavilapalamos\/wp-json\/wp\/v2\/types\/post"}],"author":[{"embeddable":true,"href":"https:\/\/agora.xtec.cat\/escolalavilapalamos\/wp-json\/wp\/v2\/users\/132"}],"replies":[{"embeddable":true,"href":"https:\/\/agora.xtec.cat\/escolalavilapalamos\/wp-json\/wp\/v2\/comments?post=13775"}],"version-history":[{"count":2,"href":"https:\/\/agora.xtec.cat\/escolalavilapalamos\/wp-json\/wp\/v2\/posts\/13775\/revisions"}],"predecessor-version":[{"id":13781,"href":"https:\/\/agora.xtec.cat\/escolalavilapalamos\/wp-json\/wp\/v2\/posts\/13775\/revisions\/13781"}],"wp:featuredmedia":[{"embeddable":true,"href":"https:\/\/agora.xtec.cat\/escolalavilapalamos\/wp-json\/wp\/v2\/media\/13780"}],"wp:attachment":[{"href":"https:\/\/agora.xtec.cat\/escolalavilapalamos\/wp-json\/wp\/v2\/media?parent=13775"}],"wp:term":[{"taxonomy":"category","embeddable":true,"href":"https:\/\/agora.xtec.cat\/escolalavilapalamos\/wp-json\/wp\/v2\/categories?post=13775"},{"taxonomy":"post_tag","embeddable":true,"href":"https:\/\/agora.xtec.cat\/escolalavilapalamos\/wp-json\/wp\/v2\/tags?post=13775"}],"curies":[{"name":"wp","href":"https:\/\/api.w.org\/{rel}","templated":true}]}}