{"id":13768,"date":"2023-06-22T12:36:04","date_gmt":"2023-06-22T10:36:04","guid":{"rendered":"https:\/\/agora.xtec.cat\/escolalavilapalamos\/?p=13768"},"modified":"2023-06-26T16:38:12","modified_gmt":"2023-06-26T14:38:12","slug":"lhort-de-lescola-2n","status":"publish","type":"post","link":"https:\/\/agora.xtec.cat\/escolalavilapalamos\/portada\/lhort-de-lescola-2n\/","title":{"rendered":"L&#8217;hort de l&#8217;Escola. 2n"},"content":{"rendered":"<p>A segon t<a href=\"https:\/\/agora.xtec.cat\/escolalavilapalamos\/wp-content\/uploads\/usu897\/2023\/06\/hort-2-scaled.jpg\"><img loading=\"lazy\" decoding=\"async\" class=\"wp-image-13769 alignleft\" src=\"https:\/\/agora.xtec.cat\/escolalavilapalamos\/wp-content\/uploads\/usu897\/2023\/06\/hort-2-768x1024.jpg\" alt=\"\" width=\"159\" height=\"212\" srcset=\"https:\/\/agora.xtec.cat\/escolalavilapalamos\/wp-content\/uploads\/usu897\/2023\/06\/hort-2-768x1024.jpg 768w, https:\/\/agora.xtec.cat\/escolalavilapalamos\/wp-content\/uploads\/usu897\/2023\/06\/hort-2-225x300.jpg 225w, https:\/\/agora.xtec.cat\/escolalavilapalamos\/wp-content\/uploads\/usu897\/2023\/06\/hort-2-1152x1536.jpg 1152w, https:\/\/agora.xtec.cat\/escolalavilapalamos\/wp-content\/uploads\/usu897\/2023\/06\/hort-2-1536x2048.jpg 1536w, https:\/\/agora.xtec.cat\/escolalavilapalamos\/wp-content\/uploads\/usu897\/2023\/06\/hort-2-scaled.jpg 1920w\" sizes=\"auto, (max-width: 159px) 100vw, 159px\" \/><\/a>enim l&#8217;oportunitat de convertir-nos en hortolans i hortolanes. Durant tot el curs hem estat treballant <strong>l&#8217;hort<\/strong> de l&#8217;Escola. Aix\u00f2 ens ha portat tasques d&#8217;investigaci\u00f3, observaci\u00f3, planificaci\u00f3, execuci\u00f3, recollida&#8230; una feina molt agra\u00efda on hem apr\u00e8s que per recollir fruits es necessita <strong>dedicaci\u00f3, temps, cura i paci\u00e8ncia.\u00a0<\/strong><\/p>\n<p>Durant el curs hem pogut tastar i menjar enciams, espinacs, ravenets, menta&#8230; i durant el mes de juny hem collit cebes, pastanagues, remolatxes, bledes i tomates. Hem quedat sorpresos i sorpreses perqu\u00e8 les pastanagues de l&#8217;hort no tenen el mateix aspecte que les del supermercat; cada una d&#8217;elles era \u00fanica i diferent. I ens han quedat dubtes per resoldre: com \u00e9<a href=\"https:\/\/agora.xtec.cat\/escolalavilapalamos\/wp-content\/uploads\/usu897\/2023\/06\/hort-1.jpg\"><img loading=\"lazy\" decoding=\"async\" class=\"wp-image-13770 alignright\" src=\"https:\/\/agora.xtec.cat\/escolalavilapalamos\/wp-content\/uploads\/usu897\/2023\/06\/hort-1-701x1024.jpg\" alt=\"\" width=\"151\" height=\"221\" srcset=\"https:\/\/agora.xtec.cat\/escolalavilapalamos\/wp-content\/uploads\/usu897\/2023\/06\/hort-1-701x1024.jpg 701w, https:\/\/agora.xtec.cat\/escolalavilapalamos\/wp-content\/uploads\/usu897\/2023\/06\/hort-1-205x300.jpg 205w, https:\/\/agora.xtec.cat\/escolalavilapalamos\/wp-content\/uploads\/usu897\/2023\/06\/hort-1-768x1122.jpg 768w, https:\/\/agora.xtec.cat\/escolalavilapalamos\/wp-content\/uploads\/usu897\/2023\/06\/hort-1-1052x1536.jpg 1052w, https:\/\/agora.xtec.cat\/escolalavilapalamos\/wp-content\/uploads\/usu897\/2023\/06\/hort-1.jpg 1309w\" sizes=\"auto, (max-width: 151px) 100vw, 151px\" \/><\/a>s que les patates no han crescut?<\/p>\n<p>A banda de l&#8217;hort, tamb\u00e9 hem dissenyat un <strong>hotel d&#8217;insectes<\/strong>. Aquest projecte va n\u00e9ixer arran d&#8217;una <a href=\"https:\/\/www.ccma.cat\/catradio\/catalunya-al-dia\/una-de-cada-cinc-especies-de-papallones-de-catalunya-en-perill-greu\/noticia\/3224600\/\">not\u00edcia<\/a> que deia\u00a0 que molts dels insectes pol\u00b7linitzadors de Catalunya estan en perill d&#8217;extinci\u00f3. Arran d&#8217;aix\u00f2 ens vam preguntar per qu\u00e8 eren importants els insectes pol\u00b7linitzadors, qu\u00e8 f\u00e8iem a l&#8217;escola per evitar que pass\u00e9s i que pod\u00edem fer, a m\u00e9s a m\u00e9s, per ajudar que els insectes tinguin cabuda en el pati de l&#8217;escola. D&#8217;aqu\u00ed va sorgir la idea de crear un hotel d&#8217;insectes. El vam dissenyar i amb l&#8217;ajuda d&#8217;algunes fam\u00edlies de segon vam poder fer-lo realitat.<\/p>\n<p>Aqu\u00ed us deixem un <a href=\"https:\/\/photos.app.goo.gl\/yeXHNeRRVmf244QB6\">recull de fotografies<\/a> del projecte.<\/p>\n<p><a href=\"https:\/\/agora.xtec.cat\/escolalavilapalamos\/wp-content\/uploads\/usu897\/2023\/06\/hort-1.jpg\">\u00a0<\/a><\/p>\n<p>&nbsp;<\/p>\n","protected":false},"excerpt":{"rendered":"<p>A segon t<a href=\"https:\/\/agora.xtec.cat\/escolalavilapalamos\/wp-content\/uploads\/usu897\/2023\/06\/hort-2-scaled.jpg\"><\/a>enim l&#8217;oportunitat de convertir-nos en hortolans i hortolanes. Durant tot el curs hem estat treballant l&#8217;hort de l&#8217;Escola. Aix\u00f2 ens ha portat tasques d&#8217;investigaci\u00f3, observaci\u00f3, planificaci\u00f3, execuci\u00f3, recollida&#8230; una feina molt agra\u00efda on hem apr\u00e8s que per recollir fruits es necessita dedicaci\u00f3,&hellip;  <a href=\"https:\/\/agora.xtec.cat\/escolalavilapalamos\/portada\/lhort-de-lescola-2n\/\" title=\"Read L&#8217;hort de l&#8217;Escola. 2n\">Llegeix m\u00e9s\u00bb<\/a><\/p>\n","protected":false},"author":131,"featured_media":13769,"comment_status":"open","ping_status":"closed","sticky":false,"template":"","format":"standard","meta":{"_bbp_topic_count":0,"_bbp_reply_count":0,"_bbp_total_topic_count":0,"_bbp_total_reply_count":0,"_bbp_voice_count":0,"_bbp_anonymous_reply_count":0,"_bbp_topic_count_hidden":0,"_bbp_reply_count_hidden":0,"_bbp_forum_subforum_count":0,"footnotes":""},"categories":[127,4],"tags":[],"class_list":["post-13768","post","type-post","status-publish","format-standard","has-post-thumbnail","hentry","category-comunitat-de-mitjans","category-portada"],"post_mailing_queue_ids":[],"_links":{"self":[{"href":"https:\/\/agora.xtec.cat\/escolalavilapalamos\/wp-json\/wp\/v2\/posts\/13768","targetHints":{"allow":["GET"]}}],"collection":[{"href":"https:\/\/agora.xtec.cat\/escolalavilapalamos\/wp-json\/wp\/v2\/posts"}],"about":[{"href":"https:\/\/agora.xtec.cat\/escolalavilapalamos\/wp-json\/wp\/v2\/types\/post"}],"author":[{"embeddable":true,"href":"https:\/\/agora.xtec.cat\/escolalavilapalamos\/wp-json\/wp\/v2\/users\/131"}],"replies":[{"embeddable":true,"href":"https:\/\/agora.xtec.cat\/escolalavilapalamos\/wp-json\/wp\/v2\/comments?post=13768"}],"version-history":[{"count":1,"href":"https:\/\/agora.xtec.cat\/escolalavilapalamos\/wp-json\/wp\/v2\/posts\/13768\/revisions"}],"predecessor-version":[{"id":13771,"href":"https:\/\/agora.xtec.cat\/escolalavilapalamos\/wp-json\/wp\/v2\/posts\/13768\/revisions\/13771"}],"wp:featuredmedia":[{"embeddable":true,"href":"https:\/\/agora.xtec.cat\/escolalavilapalamos\/wp-json\/wp\/v2\/media\/13769"}],"wp:attachment":[{"href":"https:\/\/agora.xtec.cat\/escolalavilapalamos\/wp-json\/wp\/v2\/media?parent=13768"}],"wp:term":[{"taxonomy":"category","embeddable":true,"href":"https:\/\/agora.xtec.cat\/escolalavilapalamos\/wp-json\/wp\/v2\/categories?post=13768"},{"taxonomy":"post_tag","embeddable":true,"href":"https:\/\/agora.xtec.cat\/escolalavilapalamos\/wp-json\/wp\/v2\/tags?post=13768"}],"curies":[{"name":"wp","href":"https:\/\/api.w.org\/{rel}","templated":true}]}}