{"id":13762,"date":"2023-06-22T12:45:40","date_gmt":"2023-06-22T10:45:40","guid":{"rendered":"https:\/\/agora.xtec.cat\/escolalavilapalamos\/?p=13762"},"modified":"2023-06-26T16:38:44","modified_gmt":"2023-06-26T14:38:44","slug":"bon-estiu-2","status":"publish","type":"post","link":"https:\/\/agora.xtec.cat\/escolalavilapalamos\/general\/bon-estiu-2\/","title":{"rendered":"Bon estiu !"},"content":{"rendered":"<p>Benvolgudes fam\u00edlies,<img loading=\"lazy\" decoding=\"async\" class=\"wp-image-13763 alignright\" src=\"https:\/\/agora.xtec.cat\/escolalavilapalamos\/wp-content\/uploads\/usu897\/2023\/06\/BONESTIU.jpg\" alt=\"\" width=\"516\" height=\"347\" srcset=\"https:\/\/agora.xtec.cat\/escolalavilapalamos\/wp-content\/uploads\/usu897\/2023\/06\/BONESTIU.jpg 1071w, https:\/\/agora.xtec.cat\/escolalavilapalamos\/wp-content\/uploads\/usu897\/2023\/06\/BONESTIU-300x202.jpg 300w, https:\/\/agora.xtec.cat\/escolalavilapalamos\/wp-content\/uploads\/usu897\/2023\/06\/BONESTIU-1024x688.jpg 1024w, https:\/\/agora.xtec.cat\/escolalavilapalamos\/wp-content\/uploads\/usu897\/2023\/06\/BONESTIU-768x516.jpg 768w\" sizes=\"auto, (max-width: 516px) 100vw, 516px\" \/><\/p>\n<p>avui arribem al final del curs 2022-23, un curs on hem recuperat completament la normalitat. Els vostres fills i filles han treballat molt al llarg de nou mesos i es mereixen gaudir d&#8217;unes bones vacances. Moltes gr\u00e0cies a les fam\u00edlies pel suport en el centre i als membres de l&#8217;AMPA pel treball conjunt amb l&#8217;escola. I moltes gr\u00e0cies a les\/els mestres i personal educatiu per tota la tasca pedag\u00f2gica del present curs.<\/p>\n<p>Disfruteu en companyia de la fam\u00edlia de tot el que ens ofereix l&#8217;estiu.<\/p>\n<p>Molta sort als nois i noies que marxen a l&#8217;institut a fer secund\u00e0ria. Han estat 9 anys de conviv\u00e8ncia plegats. Us trobarem molt a faltar.<\/p>\n<p>Gr\u00e0cies pel vostre comprom\u00eds i confian\u00e7a en el projecte educatiu de La Vila.\u00a0<strong>El proper curs 2023-24 comen\u00e7a el dimecres 6 de setembre en horari habitual de mat\u00ed i tarda de 8:30 a 12:00h i de 14:30 a 16:00h.\u00a0\u00a0<\/strong><\/p>\n<p>No us perdeu les informacions actualitzades a la\u00a0<a href=\"https:\/\/agora.xtec.cat\/escolalavilapalamos\/\">web de l&#8217;escola<\/a>.<\/p>\n<p>Bona festa Major i bon estiu a tots\/es !!!<\/p>\n<p>Fins el proper curs !\u00a0Escola La Vila<\/p>\n","protected":false},"excerpt":{"rendered":"<p>Benvolgudes fam\u00edlies,<br \/>\navui arribem al final del curs 2022-23, un curs on hem recuperat completament la normalitat. Els vostres fills i filles han treballat molt al llarg de nou mesos i es mereixen gaudir d&#8217;unes bones vacances. Moltes gr\u00e0cies a les fam\u00edlies pel suport en el&hellip;  <a href=\"https:\/\/agora.xtec.cat\/escolalavilapalamos\/general\/bon-estiu-2\/\" title=\"Read Bon estiu !\">Llegeix m\u00e9s\u00bb<\/a><\/p>\n","protected":false},"author":1,"featured_media":13763,"comment_status":"open","ping_status":"closed","sticky":false,"template":"","format":"standard","meta":{"_bbp_topic_count":0,"_bbp_reply_count":0,"_bbp_total_topic_count":0,"_bbp_total_reply_count":0,"_bbp_voice_count":0,"_bbp_anonymous_reply_count":0,"_bbp_topic_count_hidden":0,"_bbp_reply_count_hidden":0,"_bbp_forum_subforum_count":0,"footnotes":""},"categories":[1,4],"tags":[],"class_list":["post-13762","post","type-post","status-publish","format-standard","has-post-thumbnail","hentry","category-general","category-portada"],"post_mailing_queue_ids":[],"_links":{"self":[{"href":"https:\/\/agora.xtec.cat\/escolalavilapalamos\/wp-json\/wp\/v2\/posts\/13762","targetHints":{"allow":["GET"]}}],"collection":[{"href":"https:\/\/agora.xtec.cat\/escolalavilapalamos\/wp-json\/wp\/v2\/posts"}],"about":[{"href":"https:\/\/agora.xtec.cat\/escolalavilapalamos\/wp-json\/wp\/v2\/types\/post"}],"author":[{"embeddable":true,"href":"https:\/\/agora.xtec.cat\/escolalavilapalamos\/wp-json\/wp\/v2\/users\/1"}],"replies":[{"embeddable":true,"href":"https:\/\/agora.xtec.cat\/escolalavilapalamos\/wp-json\/wp\/v2\/comments?post=13762"}],"version-history":[{"count":3,"href":"https:\/\/agora.xtec.cat\/escolalavilapalamos\/wp-json\/wp\/v2\/posts\/13762\/revisions"}],"predecessor-version":[{"id":13766,"href":"https:\/\/agora.xtec.cat\/escolalavilapalamos\/wp-json\/wp\/v2\/posts\/13762\/revisions\/13766"}],"wp:featuredmedia":[{"embeddable":true,"href":"https:\/\/agora.xtec.cat\/escolalavilapalamos\/wp-json\/wp\/v2\/media\/13763"}],"wp:attachment":[{"href":"https:\/\/agora.xtec.cat\/escolalavilapalamos\/wp-json\/wp\/v2\/media?parent=13762"}],"wp:term":[{"taxonomy":"category","embeddable":true,"href":"https:\/\/agora.xtec.cat\/escolalavilapalamos\/wp-json\/wp\/v2\/categories?post=13762"},{"taxonomy":"post_tag","embeddable":true,"href":"https:\/\/agora.xtec.cat\/escolalavilapalamos\/wp-json\/wp\/v2\/tags?post=13762"}],"curies":[{"name":"wp","href":"https:\/\/api.w.org\/{rel}","templated":true}]}}