{"id":13754,"date":"2023-06-21T14:14:03","date_gmt":"2023-06-21T12:14:03","guid":{"rendered":"https:\/\/agora.xtec.cat\/escolalavilapalamos\/?p=13754"},"modified":"2023-06-21T14:14:03","modified_gmt":"2023-06-21T12:14:03","slug":"els-alumnes-de-3r-son-presentadors-de-noticies","status":"publish","type":"post","link":"https:\/\/agora.xtec.cat\/escolalavilapalamos\/general\/els-alumnes-de-3r-son-presentadors-de-noticies\/","title":{"rendered":"Els alumnes de 3r s\u00f3n presentadors de not\u00edcies"},"content":{"rendered":"<p>Aquesta darrera part del curs hem treballat el g\u00e8nere period\u00edstic de la not\u00edcia des del punt de vista oral i escrit.<br \/>\nAmb ajuda de diaris, hem conegut les caracter\u00edstiques principals d&#8217;aquesta tipologia textual.<br \/>\nAix\u00ed, hem posat en pr\u00e0ctica les fases del proc\u00e9s d&#8217;escriptura, imaginant el text que vol\u00edem fer, planificant-lo, escrivint-lo, revisant-lo i editant-lo.<br \/>\nTamb\u00e9 ens hem endinsat al m\u00f3n dels informatius. En un primer moment, n&#8217;hem mirat per fixar-nos com s\u00f3n i com es fan i, posteriorment, quan ja ens hem vist preparats, ens hem posat a la pell dels presentadors per gravar el nostre propi informatiu.<br \/>\nAix\u00ed, gr\u00e0cies a l&#8217;aula <em>Croma<\/em> de l&#8217;escola, i deixant la vergonya en un costat, hem pogut gravar les nostres pr\u00f2pies not\u00edcies i editar-les, seleccionant els sons, el plat\u00f3, el logo i les imatges que el farceixen.<\/p>\n<p>Podeu veure el resultat final <a href=\"https:\/\/photos.app.goo.gl\/M1gECvnUBwEZo1Sc6\">aqu\u00ed.<\/a><\/p>\n<p>Tenim uns presentadors de primera!<\/p>\n<p><a href=\"https:\/\/agora.xtec.cat\/escolalavilapalamos\/wp-content\/uploads\/usu897\/2023\/06\/IMG-3192.jpg\"><img loading=\"lazy\" decoding=\"async\" class=\"alignnone size-large wp-image-13755\" src=\"https:\/\/agora.xtec.cat\/escolalavilapalamos\/wp-content\/uploads\/usu897\/2023\/06\/IMG-3192-1024x757.jpg\" alt=\"\" width=\"1024\" height=\"757\" srcset=\"https:\/\/agora.xtec.cat\/escolalavilapalamos\/wp-content\/uploads\/usu897\/2023\/06\/IMG-3192-1024x757.jpg 1024w, https:\/\/agora.xtec.cat\/escolalavilapalamos\/wp-content\/uploads\/usu897\/2023\/06\/IMG-3192-300x222.jpg 300w, https:\/\/agora.xtec.cat\/escolalavilapalamos\/wp-content\/uploads\/usu897\/2023\/06\/IMG-3192-768x567.jpg 768w, https:\/\/agora.xtec.cat\/escolalavilapalamos\/wp-content\/uploads\/usu897\/2023\/06\/IMG-3192.jpg 1164w\" sizes=\"auto, (max-width: 1024px) 100vw, 1024px\" \/><\/a><\/p>\n<p>&nbsp;<\/p>\n<p>&nbsp;<\/p>\n","protected":false},"excerpt":{"rendered":"<p>Aquesta darrera part del curs hem treballat el g\u00e8nere period\u00edstic de la not\u00edcia des del punt de vista oral i escrit.<br \/>\nAmb ajuda de diaris, hem conegut les caracter\u00edstiques principals d&#8217;aquesta tipologia textual.<br \/>\nAix\u00ed, hem posat en pr\u00e0ctica les fases del proc\u00e9s d&#8217;escriptura, imaginant el text que&hellip;  <a href=\"https:\/\/agora.xtec.cat\/escolalavilapalamos\/general\/els-alumnes-de-3r-son-presentadors-de-noticies\/\" title=\"Read Els alumnes de 3r s\u00f3n presentadors de not\u00edcies\">Llegeix m\u00e9s\u00bb<\/a><\/p>\n","protected":false},"author":1,"featured_media":13755,"comment_status":"open","ping_status":"closed","sticky":false,"template":"","format":"standard","meta":{"_bbp_topic_count":0,"_bbp_reply_count":0,"_bbp_total_topic_count":0,"_bbp_total_reply_count":0,"_bbp_voice_count":0,"_bbp_anonymous_reply_count":0,"_bbp_topic_count_hidden":0,"_bbp_reply_count_hidden":0,"_bbp_forum_subforum_count":0,"footnotes":""},"categories":[127,1,4],"tags":[90,120,159,141],"class_list":["post-13754","post","type-post","status-publish","format-standard","has-post-thumbnail","hentry","category-comunitat-de-mitjans","category-general","category-portada","tag-3r","tag-comunitat-de-mitjans","tag-croma","tag-primaria"],"post_mailing_queue_ids":[],"_links":{"self":[{"href":"https:\/\/agora.xtec.cat\/escolalavilapalamos\/wp-json\/wp\/v2\/posts\/13754","targetHints":{"allow":["GET"]}}],"collection":[{"href":"https:\/\/agora.xtec.cat\/escolalavilapalamos\/wp-json\/wp\/v2\/posts"}],"about":[{"href":"https:\/\/agora.xtec.cat\/escolalavilapalamos\/wp-json\/wp\/v2\/types\/post"}],"author":[{"embeddable":true,"href":"https:\/\/agora.xtec.cat\/escolalavilapalamos\/wp-json\/wp\/v2\/users\/1"}],"replies":[{"embeddable":true,"href":"https:\/\/agora.xtec.cat\/escolalavilapalamos\/wp-json\/wp\/v2\/comments?post=13754"}],"version-history":[{"count":3,"href":"https:\/\/agora.xtec.cat\/escolalavilapalamos\/wp-json\/wp\/v2\/posts\/13754\/revisions"}],"predecessor-version":[{"id":13758,"href":"https:\/\/agora.xtec.cat\/escolalavilapalamos\/wp-json\/wp\/v2\/posts\/13754\/revisions\/13758"}],"wp:featuredmedia":[{"embeddable":true,"href":"https:\/\/agora.xtec.cat\/escolalavilapalamos\/wp-json\/wp\/v2\/media\/13755"}],"wp:attachment":[{"href":"https:\/\/agora.xtec.cat\/escolalavilapalamos\/wp-json\/wp\/v2\/media?parent=13754"}],"wp:term":[{"taxonomy":"category","embeddable":true,"href":"https:\/\/agora.xtec.cat\/escolalavilapalamos\/wp-json\/wp\/v2\/categories?post=13754"},{"taxonomy":"post_tag","embeddable":true,"href":"https:\/\/agora.xtec.cat\/escolalavilapalamos\/wp-json\/wp\/v2\/tags?post=13754"}],"curies":[{"name":"wp","href":"https:\/\/api.w.org\/{rel}","templated":true}]}}