{"id":13752,"date":"2023-06-22T10:15:25","date_gmt":"2023-06-22T08:15:25","guid":{"rendered":"https:\/\/agora.xtec.cat\/escolalavilapalamos\/?p=13752"},"modified":"2023-06-22T10:15:25","modified_gmt":"2023-06-22T08:15:25","slug":"poesia-dibuixada-a-4t","status":"publish","type":"post","link":"https:\/\/agora.xtec.cat\/escolalavilapalamos\/general\/poesia-dibuixada-a-4t\/","title":{"rendered":"Poesia dibuixada a 4t"},"content":{"rendered":"<p>Per finalitzar l&#8217;\u00e0rea de llengua catalana, els alumnes de 4t, com ja sabeu, hem estat treballant la poesia durant aquest tercer trimestre. Ens hem iniciat pel cal\u00b7ligrama, hem seguit creant el nostre propi poema i hem acabat amb la poesia dibuixada. Amb aquesta proposta hem volgut dibuixar la poesia com a estrat\u00e8gia per interpretar textos l\u00edrics, en el nostre cas a partir del poema de Joana Raspall, &#8220;<a href=\"https:\/\/www.versos.cat\/poema\/4821\/podries\">Podries<\/a>&#8220;. Amb aquest treball hem representat un poema (primer analitzant-lo a classe, despr\u00e9s recitant-lo amb una enregistradora de veu online i per acabar hem fet el proc\u00e9s creatiu d&#8217;un dibuix pensant en el poema treballat. Hem deixat volar la imaginaci\u00f3, hem deixat anar la m\u00e0, el llapis i el color per fer una bonica tasca de representaci\u00f3 i creaci\u00f3. A trav\u00e9s de la poesia dibuixada hem volgut donar sentit al poema a nivell interpretatiu i personal. Per aix\u00f2 amb aquest projecte hem dibuixat poesia per comprendre-la i descobrir el gust per aquest g\u00e8nere literari. Un poema molt profund i que ens ha perm\u00e8s treballar l&#8217;empatia i el treball en equip alhora.<\/p>\n<p>A continuaci\u00f3 teniu el recull de poesia dibuixada que us volem regalar per finalitzar aquest curs tan profit\u00f3s. Us podeu descarregar els v\u00eddeos clicant a &#8220;Baixa&#8221; al drive.<\/p>\n<p>CLICA <a href=\"https:\/\/drive.google.com\/drive\/folders\/1KAlpVK4Xd3lvRU9G-QZ-xJXShAaTNqtL?usp=sharing\">AQU\u00cd<\/a> PER VEURE EL RECULL DE V\u00cdDEOS<\/p>\n<p><a href=\"https:\/\/drive.google.com\/drive\/folders\/1KAlpVK4Xd3lvRU9G-QZ-xJXShAaTNqtL?usp=sharing\"><img loading=\"lazy\" decoding=\"async\" class=\"wp-image-13759 alignleft\" src=\"https:\/\/agora.xtec.cat\/escolalavilapalamos\/wp-content\/uploads\/usu897\/2023\/06\/FOTO-NOTICIA-1024x638.jpg\" alt=\"\" width=\"472\" height=\"294\" srcset=\"https:\/\/agora.xtec.cat\/escolalavilapalamos\/wp-content\/uploads\/usu897\/2023\/06\/FOTO-NOTICIA-1024x638.jpg 1024w, https:\/\/agora.xtec.cat\/escolalavilapalamos\/wp-content\/uploads\/usu897\/2023\/06\/FOTO-NOTICIA-300x187.jpg 300w, https:\/\/agora.xtec.cat\/escolalavilapalamos\/wp-content\/uploads\/usu897\/2023\/06\/FOTO-NOTICIA-768x479.jpg 768w, https:\/\/agora.xtec.cat\/escolalavilapalamos\/wp-content\/uploads\/usu897\/2023\/06\/FOTO-NOTICIA.jpg 1351w\" sizes=\"auto, (max-width: 472px) 100vw, 472px\" \/><\/a><\/p>\n<p>&nbsp;<\/p>\n<p>&nbsp;<\/p>\n<p>&nbsp;<\/p>\n<p>&nbsp;<\/p>\n","protected":false},"excerpt":{"rendered":"<p>Per finalitzar l&#8217;\u00e0rea de llengua catalana, els alumnes de 4t, com ja sabeu, hem estat treballant la poesia durant aquest tercer trimestre. Ens hem iniciat pel cal\u00b7ligrama, hem seguit creant el nostre propi poema i hem acabat amb la poesia dibuixada. Amb aquesta proposta hem&hellip;  <a href=\"https:\/\/agora.xtec.cat\/escolalavilapalamos\/general\/poesia-dibuixada-a-4t\/\" title=\"Read Poesia dibuixada a 4t\">Llegeix m\u00e9s\u00bb<\/a><\/p>\n","protected":false},"author":132,"featured_media":13759,"comment_status":"closed","ping_status":"closed","sticky":false,"template":"","format":"standard","meta":{"_bbp_topic_count":0,"_bbp_reply_count":0,"_bbp_total_topic_count":0,"_bbp_total_reply_count":0,"_bbp_voice_count":0,"_bbp_anonymous_reply_count":0,"_bbp_topic_count_hidden":0,"_bbp_reply_count_hidden":0,"_bbp_forum_subforum_count":0,"footnotes":""},"categories":[128,1,4,5],"tags":[],"class_list":["post-13752","post","type-post","status-publish","format-standard","has-post-thumbnail","hentry","category-comunitat-de-grans","category-general","category-portada","category-primaria"],"post_mailing_queue_ids":[],"_links":{"self":[{"href":"https:\/\/agora.xtec.cat\/escolalavilapalamos\/wp-json\/wp\/v2\/posts\/13752","targetHints":{"allow":["GET"]}}],"collection":[{"href":"https:\/\/agora.xtec.cat\/escolalavilapalamos\/wp-json\/wp\/v2\/posts"}],"about":[{"href":"https:\/\/agora.xtec.cat\/escolalavilapalamos\/wp-json\/wp\/v2\/types\/post"}],"author":[{"embeddable":true,"href":"https:\/\/agora.xtec.cat\/escolalavilapalamos\/wp-json\/wp\/v2\/users\/132"}],"replies":[{"embeddable":true,"href":"https:\/\/agora.xtec.cat\/escolalavilapalamos\/wp-json\/wp\/v2\/comments?post=13752"}],"version-history":[{"count":3,"href":"https:\/\/agora.xtec.cat\/escolalavilapalamos\/wp-json\/wp\/v2\/posts\/13752\/revisions"}],"predecessor-version":[{"id":13761,"href":"https:\/\/agora.xtec.cat\/escolalavilapalamos\/wp-json\/wp\/v2\/posts\/13752\/revisions\/13761"}],"wp:featuredmedia":[{"embeddable":true,"href":"https:\/\/agora.xtec.cat\/escolalavilapalamos\/wp-json\/wp\/v2\/media\/13759"}],"wp:attachment":[{"href":"https:\/\/agora.xtec.cat\/escolalavilapalamos\/wp-json\/wp\/v2\/media?parent=13752"}],"wp:term":[{"taxonomy":"category","embeddable":true,"href":"https:\/\/agora.xtec.cat\/escolalavilapalamos\/wp-json\/wp\/v2\/categories?post=13752"},{"taxonomy":"post_tag","embeddable":true,"href":"https:\/\/agora.xtec.cat\/escolalavilapalamos\/wp-json\/wp\/v2\/tags?post=13752"}],"curies":[{"name":"wp","href":"https:\/\/api.w.org\/{rel}","templated":true}]}}