{"id":13743,"date":"2023-06-20T10:07:58","date_gmt":"2023-06-20T08:07:58","guid":{"rendered":"https:\/\/agora.xtec.cat\/escolalavilapalamos\/?p=13743"},"modified":"2023-06-20T10:16:48","modified_gmt":"2023-06-20T08:16:48","slug":"trobada-daules-dacollida","status":"publish","type":"post","link":"https:\/\/agora.xtec.cat\/escolalavilapalamos\/general\/trobada-daules-dacollida\/","title":{"rendered":"Trobada d&#8217;aules d&#8217;acollida"},"content":{"rendered":"<p><span style=\"font-weight: 400;\"><img loading=\"lazy\" decoding=\"async\" class=\"wp-image-13744 alignright\" src=\"https:\/\/agora.xtec.cat\/escolalavilapalamos\/wp-content\/uploads\/usu897\/2023\/06\/Trobada-AA.jpg\" alt=\"\" width=\"548\" height=\"412\" srcset=\"https:\/\/agora.xtec.cat\/escolalavilapalamos\/wp-content\/uploads\/usu897\/2023\/06\/Trobada-AA.jpg 1024w, https:\/\/agora.xtec.cat\/escolalavilapalamos\/wp-content\/uploads\/usu897\/2023\/06\/Trobada-AA-300x226.jpg 300w, https:\/\/agora.xtec.cat\/escolalavilapalamos\/wp-content\/uploads\/usu897\/2023\/06\/Trobada-AA-768x578.jpg 768w, https:\/\/agora.xtec.cat\/escolalavilapalamos\/wp-content\/uploads\/usu897\/2023\/06\/Trobada-AA-200x150.jpg 200w\" sizes=\"auto, (max-width: 548px) 100vw, 548px\" \/>El passat divendres 9 de juny, els\/les alumnes de l\u2019aula d\u2019acollida de la nostra escola van participar a <strong>la primera trobada d\u2019aules d\u2019acollida de les escoles del Baix Empord\u00e0<\/strong>, la qual va tenir lloc a la Nau dels 50 metres.<\/span><\/p>\n<p><span style=\"font-weight: 400;\">Aquesta trobada va suposar la cloenda del <strong>projecte intercentres d\u2019aules d\u2019acollida de la comarca.<\/strong> Al llarg del tercer trimestre els\/les alumnes de les escoles participants en aquest projecte es van poder con\u00e8ixer una mica a trav\u00e9s de les pantalles i el divendres 9, a la trobada, per fi ja es van poder con\u00e8ixer en persona.<\/span><\/p>\n<p><span style=\"font-weight: 400;\">La trobada va durar tot el mat\u00ed i va consistir en la realitzaci\u00f3 d\u2019un circuit format per vuit activitats i jocs en catal\u00e0: paracaigudes, bitlles catalanes i mikado gegant, mataconills, zumba (en catal\u00e0), jocs d\u2019enginy, futbol xin\u00e8s, el cementiri i baldufes i ioios.<\/span><\/p>\n<p><span style=\"font-weight: 400;\">L\u2019alumnat es va distribuir per grups barrejats d\u2019alumnes de totes les escoles, des de 3r de Prim\u00e0ria fins a 4t d\u2019ESO i a cada activitat hi va haver un mestre referent del joc. Els jocs tenien una durada de deu minuts i, a un senyal donat, havien de canviar i passar al seg\u00fcent joc o activitat.<\/span><\/p>\n<p><span style=\"font-weight: 400;\">Al voltant de les 11, es va fer una aturada per esmorzar i recollir un petit detall fet pels alumnes (aquest detall va consistir en un punt de llibre o targeta que els\/les alumnes van haver de preparar a la seva escola per regalar a un altre company o companya el dia de la trobada). Tot seguit, es va continuar amb la roda de jocs fins que tothom va passar per l\u2019\u00faltima, amb la qual cosa es va donar per finalitzada la jornada.<\/span><\/p>\n<p><span style=\"font-weight: 400;\">Els\/les alumnes van gaudir molt d\u2019aquesta trobada, la qual cosa fa pensar que, amb tota probabilitat, el curs vinent es podria dur a terme, m\u00e9s o menys per les mateixes dates, la segona trobada d\u2019aules d\u2019acollida del Baix Empord\u00e0.<\/span><\/p>\n","protected":false},"excerpt":{"rendered":"<p>El passat divendres 9 de juny, els\/les alumnes de l\u2019aula d\u2019acollida de la nostra escola van participar a la primera trobada d\u2019aules d\u2019acollida de les escoles del Baix Empord\u00e0, la qual va tenir lloc a la Nau dels 50 metres.<br \/>\nAquesta trobada va suposar la cloenda&hellip;  <a href=\"https:\/\/agora.xtec.cat\/escolalavilapalamos\/general\/trobada-daules-dacollida\/\" title=\"Read Trobada d&#8217;aules d&#8217;acollida\">Llegeix m\u00e9s\u00bb<\/a><\/p>\n","protected":false},"author":17,"featured_media":13744,"comment_status":"open","ping_status":"closed","sticky":false,"template":"","format":"standard","meta":{"_bbp_topic_count":0,"_bbp_reply_count":0,"_bbp_total_topic_count":0,"_bbp_total_reply_count":0,"_bbp_voice_count":0,"_bbp_anonymous_reply_count":0,"_bbp_topic_count_hidden":0,"_bbp_reply_count_hidden":0,"_bbp_forum_subforum_count":0,"footnotes":""},"categories":[1,4,5],"tags":[],"class_list":["post-13743","post","type-post","status-publish","format-standard","has-post-thumbnail","hentry","category-general","category-portada","category-primaria"],"post_mailing_queue_ids":[],"_links":{"self":[{"href":"https:\/\/agora.xtec.cat\/escolalavilapalamos\/wp-json\/wp\/v2\/posts\/13743","targetHints":{"allow":["GET"]}}],"collection":[{"href":"https:\/\/agora.xtec.cat\/escolalavilapalamos\/wp-json\/wp\/v2\/posts"}],"about":[{"href":"https:\/\/agora.xtec.cat\/escolalavilapalamos\/wp-json\/wp\/v2\/types\/post"}],"author":[{"embeddable":true,"href":"https:\/\/agora.xtec.cat\/escolalavilapalamos\/wp-json\/wp\/v2\/users\/17"}],"replies":[{"embeddable":true,"href":"https:\/\/agora.xtec.cat\/escolalavilapalamos\/wp-json\/wp\/v2\/comments?post=13743"}],"version-history":[{"count":3,"href":"https:\/\/agora.xtec.cat\/escolalavilapalamos\/wp-json\/wp\/v2\/posts\/13743\/revisions"}],"predecessor-version":[{"id":13751,"href":"https:\/\/agora.xtec.cat\/escolalavilapalamos\/wp-json\/wp\/v2\/posts\/13743\/revisions\/13751"}],"wp:featuredmedia":[{"embeddable":true,"href":"https:\/\/agora.xtec.cat\/escolalavilapalamos\/wp-json\/wp\/v2\/media\/13744"}],"wp:attachment":[{"href":"https:\/\/agora.xtec.cat\/escolalavilapalamos\/wp-json\/wp\/v2\/media?parent=13743"}],"wp:term":[{"taxonomy":"category","embeddable":true,"href":"https:\/\/agora.xtec.cat\/escolalavilapalamos\/wp-json\/wp\/v2\/categories?post=13743"},{"taxonomy":"post_tag","embeddable":true,"href":"https:\/\/agora.xtec.cat\/escolalavilapalamos\/wp-json\/wp\/v2\/tags?post=13743"}],"curies":[{"name":"wp","href":"https:\/\/api.w.org\/{rel}","templated":true}]}}