{"id":13734,"date":"2023-06-19T14:39:13","date_gmt":"2023-06-19T12:39:13","guid":{"rendered":"https:\/\/agora.xtec.cat\/escolalavilapalamos\/?p=13734"},"modified":"2023-06-20T09:45:24","modified_gmt":"2023-06-20T07:45:24","slug":"endavant-pas-a-pas","status":"publish","type":"post","link":"https:\/\/agora.xtec.cat\/escolalavilapalamos\/general\/endavant-pas-a-pas\/","title":{"rendered":"ENDAVANT, PAS A PAS!"},"content":{"rendered":"<p>Hi ha infants que fa uns quants mesos van arribar a l&#8217;escola amb un nou repte a les seves vides: adaptaci\u00f3, coneixen\u00e7a d&#8217;espais, relacions amb altres infants i adults, descoberta de les seves capacitats personals&#8230; Ara d&#8217;altres ja fan el pas a la Prim\u00e0ria. Un pas m\u00e9s en el seu desenvolupament com a infants, descoberta d&#8217;altres espais i enriquiment personal amb nous reptes per anar assolint.<\/p>\n<p>Tots els que marxen i tamb\u00e9 els que es queden a la Comunitat d&#8217;Infantil, van omplint la seva motxilla. Una motxilla que dia rere dia els permet afrontar nous reptes, amb aven\u00e7os i retrocessos, assaig-error, que els permeten anar augmentant la seva autonomia, nous aprenentatges i moltes ganes d&#8217;anar endavant.<\/p>\n<p>A la Comunitat, els infants van desenvolupant les compet\u00e8ncies que els permeten identificar-se com a persones, viure unes relacions afectives positives amb si mateixos i amb els altres, avan\u00e7ar en la seva autonomia personal, anar coneixent el m\u00f3n que els envolta i adquirir habilitats de comunicaci\u00f3, expressi\u00f3 i comprensi\u00f3 per mitj\u00e0 de diferents llenguatges. Respectant el ritme i l&#8217;evoluci\u00f3 de cada un d&#8217;ells i elles.<\/p>\n<p>Mots com: <em><span style=\"color: #808080;\">calma, emoci\u00f3, acompanyar, observa, escolta,\u00a0recerca, valorar, experimentaci\u00f3, respecte, provar, repte, esfor\u00e7, equivocar, estima, reflexionar, explica<\/span>&#8230;<\/em> Ens acompanyen en el nostre dia a dia.<\/p>\n<p><a href=\"https:\/\/youtu.be\/oPINCoW2dag\">Cliqueu per veure el v\u00eddeo de l&#8217;activitat<img loading=\"lazy\" decoding=\"async\" class=\"aligncenter wp-image-13736\" src=\"https:\/\/agora.xtec.cat\/escolalavilapalamos\/wp-content\/uploads\/usu897\/2023\/06\/tunel-reduit-800x1024.jpg\" alt=\"\" width=\"194\" height=\"248\" srcset=\"https:\/\/agora.xtec.cat\/escolalavilapalamos\/wp-content\/uploads\/usu897\/2023\/06\/tunel-reduit-800x1024.jpg 800w, https:\/\/agora.xtec.cat\/escolalavilapalamos\/wp-content\/uploads\/usu897\/2023\/06\/tunel-reduit-235x300.jpg 235w, https:\/\/agora.xtec.cat\/escolalavilapalamos\/wp-content\/uploads\/usu897\/2023\/06\/tunel-reduit-768x982.jpg 768w, https:\/\/agora.xtec.cat\/escolalavilapalamos\/wp-content\/uploads\/usu897\/2023\/06\/tunel-reduit-1201x1536.jpg 1201w, https:\/\/agora.xtec.cat\/escolalavilapalamos\/wp-content\/uploads\/usu897\/2023\/06\/tunel-reduit-1601x2048.jpg 1601w, https:\/\/agora.xtec.cat\/escolalavilapalamos\/wp-content\/uploads\/usu897\/2023\/06\/tunel-reduit.jpg 1633w\" sizes=\"auto, (max-width: 194px) 100vw, 194px\" \/><\/a><\/p>\n","protected":false},"excerpt":{"rendered":"<p>Hi ha infants que fa uns quants mesos van arribar a l&#8217;escola amb un nou repte a les seves vides: adaptaci\u00f3, coneixen\u00e7a d&#8217;espais, relacions amb altres infants i adults, descoberta de les seves capacitats personals&#8230; Ara d&#8217;altres ja fan el pas a la Prim\u00e0ria. Un&hellip;  <a href=\"https:\/\/agora.xtec.cat\/escolalavilapalamos\/general\/endavant-pas-a-pas\/\" title=\"Read ENDAVANT, PAS A PAS!\">Llegeix m\u00e9s\u00bb<\/a><\/p>\n","protected":false},"author":128,"featured_media":13736,"comment_status":"open","ping_status":"closed","sticky":false,"template":"","format":"standard","meta":{"_bbp_topic_count":0,"_bbp_reply_count":0,"_bbp_total_topic_count":0,"_bbp_total_reply_count":0,"_bbp_voice_count":0,"_bbp_anonymous_reply_count":0,"_bbp_topic_count_hidden":0,"_bbp_reply_count_hidden":0,"_bbp_forum_subforum_count":0,"footnotes":""},"categories":[2,1,4],"tags":[],"class_list":["post-13734","post","type-post","status-publish","format-standard","has-post-thumbnail","hentry","category-infantil","category-general","category-portada"],"post_mailing_queue_ids":[],"_links":{"self":[{"href":"https:\/\/agora.xtec.cat\/escolalavilapalamos\/wp-json\/wp\/v2\/posts\/13734","targetHints":{"allow":["GET"]}}],"collection":[{"href":"https:\/\/agora.xtec.cat\/escolalavilapalamos\/wp-json\/wp\/v2\/posts"}],"about":[{"href":"https:\/\/agora.xtec.cat\/escolalavilapalamos\/wp-json\/wp\/v2\/types\/post"}],"author":[{"embeddable":true,"href":"https:\/\/agora.xtec.cat\/escolalavilapalamos\/wp-json\/wp\/v2\/users\/128"}],"replies":[{"embeddable":true,"href":"https:\/\/agora.xtec.cat\/escolalavilapalamos\/wp-json\/wp\/v2\/comments?post=13734"}],"version-history":[{"count":3,"href":"https:\/\/agora.xtec.cat\/escolalavilapalamos\/wp-json\/wp\/v2\/posts\/13734\/revisions"}],"predecessor-version":[{"id":13747,"href":"https:\/\/agora.xtec.cat\/escolalavilapalamos\/wp-json\/wp\/v2\/posts\/13734\/revisions\/13747"}],"wp:featuredmedia":[{"embeddable":true,"href":"https:\/\/agora.xtec.cat\/escolalavilapalamos\/wp-json\/wp\/v2\/media\/13736"}],"wp:attachment":[{"href":"https:\/\/agora.xtec.cat\/escolalavilapalamos\/wp-json\/wp\/v2\/media?parent=13734"}],"wp:term":[{"taxonomy":"category","embeddable":true,"href":"https:\/\/agora.xtec.cat\/escolalavilapalamos\/wp-json\/wp\/v2\/categories?post=13734"},{"taxonomy":"post_tag","embeddable":true,"href":"https:\/\/agora.xtec.cat\/escolalavilapalamos\/wp-json\/wp\/v2\/tags?post=13734"}],"curies":[{"name":"wp","href":"https:\/\/api.w.org\/{rel}","templated":true}]}}