{"id":13723,"date":"2023-06-15T10:28:39","date_gmt":"2023-06-15T08:28:39","guid":{"rendered":"https:\/\/agora.xtec.cat\/escolalavilapalamos\/?p=13723"},"modified":"2023-06-19T15:11:12","modified_gmt":"2023-06-19T13:11:12","slug":"quota-ampa-curs-23-24","status":"publish","type":"post","link":"https:\/\/agora.xtec.cat\/escolalavilapalamos\/general\/quota-ampa-curs-23-24\/","title":{"rendered":"Quota AMPA per fam\u00edlia Curs 23-24"},"content":{"rendered":"<p><img loading=\"lazy\" decoding=\"async\" class=\"wp-image-13725 alignright\" src=\"https:\/\/agora.xtec.cat\/escolalavilapalamos\/wp-content\/uploads\/usu897\/2023\/06\/Ampa-Escola-La-Vila.jpg\" alt=\"\" width=\"273\" height=\"650\" srcset=\"https:\/\/agora.xtec.cat\/escolalavilapalamos\/wp-content\/uploads\/usu897\/2023\/06\/Ampa-Escola-La-Vila.jpg 360w, https:\/\/agora.xtec.cat\/escolalavilapalamos\/wp-content\/uploads\/usu897\/2023\/06\/Ampa-Escola-La-Vila-126x300.jpg 126w\" sizes=\"auto, (max-width: 273px) 100vw, 273px\" \/>Aquest any hi ha hagut un canvi de junta a l\u2019AMPA de l\u2019escola. De cares al curs vinent volem donar-li un nou impuls i hem preparat canvis i millores:<\/p>\n<p>-Aviat us farem arribar una enquesta sobre els dissenys del nou xandall que podreu comprar en una botiga propera a l\u2019escola (ja no a l\u2019oficina de l\u2019AMPA).<br \/>\n-Un caire m\u00e9s cultural a les acollides i casals.<br \/>\n-Una oferta millorada d\u2019extraescolars amb preu assequible .<br \/>\n-Festes, xerrades i activitats familiars que ajudin a donar caliu a la comunitat escolar.<br \/>\n-Seguir enriquint els nostres patis i subvencionant els autobusos de segon i sis\u00e8.I molt m\u00e9s!<\/p>\n<p><strong>NOM\u00c9S UN PAGAMENT DE 40 EUROS PER FAM\u00cdLIA.<\/strong><br \/>\n<strong>Del 15 de juny al 15 de juliol. <\/strong>Es far\u00e0 a trav\u00e9s del codi de barres o transfer\u00e8ncia bancaria<\/p>\n<p><strong>IMPORTANT! Especificar els NOMS i COGNOMS i CURS dels vostres fills i\/o filles<\/strong><\/p>\n<p>Podreu gaudir dels DESCOMPTES i del REGAL de DUES ACOLLIDES GRATU\u00cfTES per gastar quan ho necessiteu (sempre i quan hi hagi disponibilitat aquell dia).<br \/>\nNOVETAT! Pel curs que vinent: NO HI HA QUOTA DE MATERIAL dins la quota de l&#8217;AMPA. Aviat us farem arribar informaci\u00f3 sobre com funcionar\u00e0 la compra del material i de l\u2019agenda per les fam\u00edlies de prim\u00e0ria.<\/p>\n<p>Els nens\/es porten la circular a casa. <a href=\"https:\/\/drive.google.com\/file\/d\/1HkkMM6GnDIH7E6N0eyY5Loo2gX12gOki\/view?usp=sharing\">Tamb\u00e9 us la podeu descarregar la circular aqu\u00ed<\/a><\/p>\n<p>Vols formar part de l&#8217; AMPA ? <a href=\"https:\/\/drive.google.com\/file\/d\/1hRHSxjKo1g8TmkOwh7TIKTQ4Zh81qaSl\/view?usp=sharing\">Aqu\u00ed t&#8217;expliquem com fer-ho<\/a><\/p>\n","protected":false},"excerpt":{"rendered":"<p>Aquest any hi ha hagut un canvi de junta a l\u2019AMPA de l\u2019escola. De cares al curs vinent volem donar-li un nou impuls i hem preparat canvis i millores:<br \/>\n-Aviat us farem arribar una enquesta sobre els dissenys del nou xandall que podreu comprar en una&hellip;  <a href=\"https:\/\/agora.xtec.cat\/escolalavilapalamos\/general\/quota-ampa-curs-23-24\/\" title=\"Read Quota AMPA per fam\u00edlia Curs 23-24\">Llegeix m\u00e9s\u00bb<\/a><\/p>\n","protected":false},"author":1,"featured_media":13725,"comment_status":"open","ping_status":"closed","sticky":false,"template":"","format":"standard","meta":{"_bbp_topic_count":0,"_bbp_reply_count":0,"_bbp_total_topic_count":0,"_bbp_total_reply_count":0,"_bbp_voice_count":0,"_bbp_anonymous_reply_count":0,"_bbp_topic_count_hidden":0,"_bbp_reply_count_hidden":0,"_bbp_forum_subforum_count":0,"footnotes":""},"categories":[7,1,4],"tags":[],"class_list":["post-13723","post","type-post","status-publish","format-standard","has-post-thumbnail","hentry","category-ampa","category-general","category-portada"],"post_mailing_queue_ids":[],"_links":{"self":[{"href":"https:\/\/agora.xtec.cat\/escolalavilapalamos\/wp-json\/wp\/v2\/posts\/13723","targetHints":{"allow":["GET"]}}],"collection":[{"href":"https:\/\/agora.xtec.cat\/escolalavilapalamos\/wp-json\/wp\/v2\/posts"}],"about":[{"href":"https:\/\/agora.xtec.cat\/escolalavilapalamos\/wp-json\/wp\/v2\/types\/post"}],"author":[{"embeddable":true,"href":"https:\/\/agora.xtec.cat\/escolalavilapalamos\/wp-json\/wp\/v2\/users\/1"}],"replies":[{"embeddable":true,"href":"https:\/\/agora.xtec.cat\/escolalavilapalamos\/wp-json\/wp\/v2\/comments?post=13723"}],"version-history":[{"count":3,"href":"https:\/\/agora.xtec.cat\/escolalavilapalamos\/wp-json\/wp\/v2\/posts\/13723\/revisions"}],"predecessor-version":[{"id":13729,"href":"https:\/\/agora.xtec.cat\/escolalavilapalamos\/wp-json\/wp\/v2\/posts\/13723\/revisions\/13729"}],"wp:featuredmedia":[{"embeddable":true,"href":"https:\/\/agora.xtec.cat\/escolalavilapalamos\/wp-json\/wp\/v2\/media\/13725"}],"wp:attachment":[{"href":"https:\/\/agora.xtec.cat\/escolalavilapalamos\/wp-json\/wp\/v2\/media?parent=13723"}],"wp:term":[{"taxonomy":"category","embeddable":true,"href":"https:\/\/agora.xtec.cat\/escolalavilapalamos\/wp-json\/wp\/v2\/categories?post=13723"},{"taxonomy":"post_tag","embeddable":true,"href":"https:\/\/agora.xtec.cat\/escolalavilapalamos\/wp-json\/wp\/v2\/tags?post=13723"}],"curies":[{"name":"wp","href":"https:\/\/api.w.org\/{rel}","templated":true}]}}