{"id":13710,"date":"2023-06-13T11:50:54","date_gmt":"2023-06-13T09:50:54","guid":{"rendered":"https:\/\/agora.xtec.cat\/escolalavilapalamos\/?p=13710"},"modified":"2023-06-13T11:50:54","modified_gmt":"2023-06-13T09:50:54","slug":"trobada-de-danses-de-3r","status":"publish","type":"post","link":"https:\/\/agora.xtec.cat\/escolalavilapalamos\/general\/trobada-de-danses-de-3r\/","title":{"rendered":"Trobada de danses de 3r"},"content":{"rendered":"<p>Aquest passat dilluns 12 de juny ens hem reunit amb la resta d\u2019escoles per celebrar<strong> la Trobada de danses de Palam\u00f3s<\/strong>, que degut a la pand\u00e8mia, havia estat dos anys sense poder-se celebrar. Ens ha fet molta il\u00b7lusi\u00f3 poder participar-hi amb l\u2019alumnat de 3r i tenir de p\u00fablic als alumnes de 1r i 2n que ens han animat i han gaudit de les diferents danses i actuacions.<\/p>\n<p><strong>Els i les alumnes de 3r han ballat la dansa tradicional El Patatuf.<\/strong> Aquesta dansa, la podem ubicar, principalment, al Baix Llobregat. A partir de la dansa original, se n\u2019han creat diferents variants en diferents comarques com pot ser al Pened\u00e8s i el Camp de Tarragona. Aquestes variants les podem notar tant a l\u2019hora de ballar com en la melodia. Es teoritza que aquesta dansa es diu Patatuf pel fet que es pica de mans al principi de la dansa.<\/p>\n<p>Despr\u00e9s hem ballat la sardana El mar de Palam\u00f3s tots els nens i nenes de 3r conjuntament. I, per acabar, hem fet un ball conjunt tamb\u00e9 amb els nens i nenes de 1r i 2n amb la can\u00e7\u00f3 Rock&amp;Roll dels Catarres. Ens ho hem passat d\u2019all\u00f2 m\u00e9s b\u00e9!!<\/p>\n<p><iframe loading=\"lazy\" src=\"\/\/www.youtube.com\/embed\/6VsSr1oTYh4\" width=\"560\" height=\"314\" allowfullscreen=\"allowfullscreen\"><\/iframe><\/p>\n","protected":false},"excerpt":{"rendered":"<p>Aquest passat dilluns 12 de juny ens hem reunit amb la resta d\u2019escoles per celebrar la Trobada de danses de Palam\u00f3s, que degut a la pand\u00e8mia, havia estat dos anys sense poder-se celebrar. Ens ha fet molta il\u00b7lusi\u00f3 poder participar-hi amb l\u2019alumnat de 3r i&hellip;  <a href=\"https:\/\/agora.xtec.cat\/escolalavilapalamos\/general\/trobada-de-danses-de-3r\/\" title=\"Read Trobada de danses de 3r\">Llegeix m\u00e9s\u00bb<\/a><\/p>\n","protected":false},"author":5,"featured_media":13712,"comment_status":"open","ping_status":"closed","sticky":false,"template":"","format":"standard","meta":{"_bbp_topic_count":0,"_bbp_reply_count":0,"_bbp_total_topic_count":0,"_bbp_total_reply_count":0,"_bbp_voice_count":0,"_bbp_anonymous_reply_count":0,"_bbp_topic_count_hidden":0,"_bbp_reply_count_hidden":0,"_bbp_forum_subforum_count":0,"footnotes":""},"categories":[127,1,4],"tags":[],"class_list":["post-13710","post","type-post","status-publish","format-standard","has-post-thumbnail","hentry","category-comunitat-de-mitjans","category-general","category-portada"],"post_mailing_queue_ids":[],"_links":{"self":[{"href":"https:\/\/agora.xtec.cat\/escolalavilapalamos\/wp-json\/wp\/v2\/posts\/13710","targetHints":{"allow":["GET"]}}],"collection":[{"href":"https:\/\/agora.xtec.cat\/escolalavilapalamos\/wp-json\/wp\/v2\/posts"}],"about":[{"href":"https:\/\/agora.xtec.cat\/escolalavilapalamos\/wp-json\/wp\/v2\/types\/post"}],"author":[{"embeddable":true,"href":"https:\/\/agora.xtec.cat\/escolalavilapalamos\/wp-json\/wp\/v2\/users\/5"}],"replies":[{"embeddable":true,"href":"https:\/\/agora.xtec.cat\/escolalavilapalamos\/wp-json\/wp\/v2\/comments?post=13710"}],"version-history":[{"count":3,"href":"https:\/\/agora.xtec.cat\/escolalavilapalamos\/wp-json\/wp\/v2\/posts\/13710\/revisions"}],"predecessor-version":[{"id":13714,"href":"https:\/\/agora.xtec.cat\/escolalavilapalamos\/wp-json\/wp\/v2\/posts\/13710\/revisions\/13714"}],"wp:featuredmedia":[{"embeddable":true,"href":"https:\/\/agora.xtec.cat\/escolalavilapalamos\/wp-json\/wp\/v2\/media\/13712"}],"wp:attachment":[{"href":"https:\/\/agora.xtec.cat\/escolalavilapalamos\/wp-json\/wp\/v2\/media?parent=13710"}],"wp:term":[{"taxonomy":"category","embeddable":true,"href":"https:\/\/agora.xtec.cat\/escolalavilapalamos\/wp-json\/wp\/v2\/categories?post=13710"},{"taxonomy":"post_tag","embeddable":true,"href":"https:\/\/agora.xtec.cat\/escolalavilapalamos\/wp-json\/wp\/v2\/tags?post=13710"}],"curies":[{"name":"wp","href":"https:\/\/api.w.org\/{rel}","templated":true}]}}