{"id":13662,"date":"2023-06-02T16:04:54","date_gmt":"2023-06-02T14:04:54","guid":{"rendered":"https:\/\/agora.xtec.cat\/escolalavilapalamos\/?p=13662"},"modified":"2023-06-02T16:04:54","modified_gmt":"2023-06-02T14:04:54","slug":"tallers-art-i-emocions-a-comunitat-de-petits-i-mitjans","status":"publish","type":"post","link":"https:\/\/agora.xtec.cat\/escolalavilapalamos\/general\/tallers-art-i-emocions-a-comunitat-de-petits-i-mitjans\/","title":{"rendered":"Tallers ART i EMOCIONS a Comunitat de Petits i Mitjans"},"content":{"rendered":"<p>Aquesta setmana, tota la Comunitat de Petits i de Mitjans <a style=\"color: #2795b6;\" href=\"https:\/\/agora.xtec.cat\/escolalavilapalamos\/wp-content\/uploads\/usu897\/2023\/06\/Collage_2023-06-01_20_35_48-1.jpg\"><img loading=\"lazy\" decoding=\"async\" class=\"wp-image-13664 alignright\" src=\"https:\/\/agora.xtec.cat\/escolalavilapalamos\/wp-content\/uploads\/usu897\/2023\/06\/Collage_2023-06-01_20_35_48-1-819x1024.jpg\" alt=\"\" width=\"347\" height=\"434\" srcset=\"https:\/\/agora.xtec.cat\/escolalavilapalamos\/wp-content\/uploads\/usu897\/2023\/06\/Collage_2023-06-01_20_35_48-1-819x1024.jpg 819w, https:\/\/agora.xtec.cat\/escolalavilapalamos\/wp-content\/uploads\/usu897\/2023\/06\/Collage_2023-06-01_20_35_48-1-240x300.jpg 240w, https:\/\/agora.xtec.cat\/escolalavilapalamos\/wp-content\/uploads\/usu897\/2023\/06\/Collage_2023-06-01_20_35_48-1-768x960.jpg 768w, https:\/\/agora.xtec.cat\/escolalavilapalamos\/wp-content\/uploads\/usu897\/2023\/06\/Collage_2023-06-01_20_35_48-1-1229x1536.jpg 1229w, https:\/\/agora.xtec.cat\/escolalavilapalamos\/wp-content\/uploads\/usu897\/2023\/06\/Collage_2023-06-01_20_35_48-1.jpg 1440w\" sizes=\"auto, (max-width: 347px) 100vw, 347px\" \/><\/a>ha pogut gaudir d&#8217;uns tallers d&#8217;arts i emocions a c\u00e0rrec de l&#8217;artista Laia Bed\u00f3s.<\/p>\n<p>Mitjan\u00e7ant aquests tallers, la Laia ens ha guiat per poder expressar l<span style=\"font-family: inherit; font-size: 1em;\">es nostres\u00a0<\/span><span style=\"font-family: inherit; font-size: 1em;\">emocions a trav\u00e9s de l&#8217;art. Amb els petits i 1r, el fil conductor ha sigut el conte &#8220;El monstre de les abra\u00e7a<\/span><span style=\"font-family: inherit; font-size: 1em;\">des&#8221; i amb 2n i 3r ha sigut la din\u00e0mica de &#8220;La Ballarina&#8221;. La m\u00fasica tamb\u00e9 ens ha acompanyat i ha fet que ens ajudi a endinsar-nos cap a nosaltres mateixos i pintar sobre all\u00f2 que sentim.<\/span><\/p>\n<p>Estem molt agra\u00efts a la Laia per haver vingut a l&#8217;escola i oferir-nos aquest espai d&#8217;autocura i cohesi\u00f3 de grup. Si voleu m\u00e9s informaci\u00f3 us facilitem la seva p\u00e0gina web: https:\/\/www.bedosbonaterra.com\/<\/p>\n<p>Tamb\u00e9 us deixem un recull de fotografies en el seg\u00fcents enlla\u00e7os:<\/p>\n<p style=\"text-align: center;\"><a href=\"https:\/\/photos.app.goo.gl\/SNL2NEmekEhHP4UG8\">COMUNITAT DE PETITS<\/a><\/p>\n<p style=\"text-align: center;\"><a href=\"https:\/\/photos.app.goo.gl\/4yKJ17Hh4oGV96Cw7\">COMUNITAT DE MITJANS<\/a><\/p>\n<p>&nbsp;<\/p>\n","protected":false},"excerpt":{"rendered":"<p>Aquesta setmana, tota la Comunitat de Petits i de Mitjans <a style=\"color: #2795b6;\" href=\"https:\/\/agora.xtec.cat\/escolalavilapalamos\/wp-content\/uploads\/usu897\/2023\/06\/Collage_2023-06-01_20_35_48-1.jpg\"><\/a>ha pogut gaudir d&#8217;uns tallers d&#8217;arts i emocions a c\u00e0rrec de l&#8217;artista Laia Bed\u00f3s.<br \/>\nMitjan\u00e7ant aquests tallers, la Laia ens ha guiat per poder expressar les nostres\u00a0emocions a trav\u00e9s de l&#8217;art. Amb els&hellip;  <a href=\"https:\/\/agora.xtec.cat\/escolalavilapalamos\/general\/tallers-art-i-emocions-a-comunitat-de-petits-i-mitjans\/\" title=\"Read Tallers ART i EMOCIONS a Comunitat de Petits i Mitjans\">Llegeix m\u00e9s\u00bb<\/a><\/p>\n","protected":false},"author":131,"featured_media":13664,"comment_status":"open","ping_status":"closed","sticky":false,"template":"","format":"standard","meta":{"_bbp_topic_count":0,"_bbp_reply_count":0,"_bbp_total_topic_count":0,"_bbp_total_reply_count":0,"_bbp_voice_count":0,"_bbp_anonymous_reply_count":0,"_bbp_topic_count_hidden":0,"_bbp_reply_count_hidden":0,"_bbp_forum_subforum_count":0,"footnotes":""},"categories":[127,2,1,4],"tags":[],"class_list":["post-13662","post","type-post","status-publish","format-standard","has-post-thumbnail","hentry","category-comunitat-de-mitjans","category-infantil","category-general","category-portada"],"post_mailing_queue_ids":[],"_links":{"self":[{"href":"https:\/\/agora.xtec.cat\/escolalavilapalamos\/wp-json\/wp\/v2\/posts\/13662","targetHints":{"allow":["GET"]}}],"collection":[{"href":"https:\/\/agora.xtec.cat\/escolalavilapalamos\/wp-json\/wp\/v2\/posts"}],"about":[{"href":"https:\/\/agora.xtec.cat\/escolalavilapalamos\/wp-json\/wp\/v2\/types\/post"}],"author":[{"embeddable":true,"href":"https:\/\/agora.xtec.cat\/escolalavilapalamos\/wp-json\/wp\/v2\/users\/131"}],"replies":[{"embeddable":true,"href":"https:\/\/agora.xtec.cat\/escolalavilapalamos\/wp-json\/wp\/v2\/comments?post=13662"}],"version-history":[{"count":3,"href":"https:\/\/agora.xtec.cat\/escolalavilapalamos\/wp-json\/wp\/v2\/posts\/13662\/revisions"}],"predecessor-version":[{"id":13671,"href":"https:\/\/agora.xtec.cat\/escolalavilapalamos\/wp-json\/wp\/v2\/posts\/13662\/revisions\/13671"}],"wp:featuredmedia":[{"embeddable":true,"href":"https:\/\/agora.xtec.cat\/escolalavilapalamos\/wp-json\/wp\/v2\/media\/13664"}],"wp:attachment":[{"href":"https:\/\/agora.xtec.cat\/escolalavilapalamos\/wp-json\/wp\/v2\/media?parent=13662"}],"wp:term":[{"taxonomy":"category","embeddable":true,"href":"https:\/\/agora.xtec.cat\/escolalavilapalamos\/wp-json\/wp\/v2\/categories?post=13662"},{"taxonomy":"post_tag","embeddable":true,"href":"https:\/\/agora.xtec.cat\/escolalavilapalamos\/wp-json\/wp\/v2\/tags?post=13662"}],"curies":[{"name":"wp","href":"https:\/\/api.w.org\/{rel}","templated":true}]}}