{"id":13652,"date":"2023-06-02T09:11:19","date_gmt":"2023-06-02T07:11:19","guid":{"rendered":"https:\/\/agora.xtec.cat\/escolalavilapalamos\/?p=13652"},"modified":"2023-06-02T09:11:19","modified_gmt":"2023-06-02T07:11:19","slug":"treballem-la-poesia-a-4t","status":"publish","type":"post","link":"https:\/\/agora.xtec.cat\/escolalavilapalamos\/general\/treballem-la-poesia-a-4t\/","title":{"rendered":"Treballem la poesia a 4t"},"content":{"rendered":"<p><img loading=\"lazy\" decoding=\"async\" class=\"wp-image-13657 alignright\" src=\"https:\/\/agora.xtec.cat\/escolalavilapalamos\/wp-content\/uploads\/usu897\/2023\/06\/caligrama.png\" alt=\"\" width=\"553\" height=\"322\" srcset=\"https:\/\/agora.xtec.cat\/escolalavilapalamos\/wp-content\/uploads\/usu897\/2023\/06\/caligrama.png 994w, https:\/\/agora.xtec.cat\/escolalavilapalamos\/wp-content\/uploads\/usu897\/2023\/06\/caligrama-300x175.png 300w, https:\/\/agora.xtec.cat\/escolalavilapalamos\/wp-content\/uploads\/usu897\/2023\/06\/caligrama-768x448.png 768w\" sizes=\"auto, (max-width: 553px) 100vw, 553px\" \/>Al llarg d&#8217;aquest darrer trimestre a 4t hem estat treballant la poesia. Primerament, ens vam familiaritzar amb els versos, les estrofes i les rimes a partir del poema de la Vaca Cega d&#8217;en Joan Maragall.<\/p>\n<p><span style=\"font-family: inherit; font-size: 1em;\">A continuaci\u00f3, vam crear cal\u00b7ligrames, en llengua castellana, per tal de relacionar l&#8217;escriptura amb la vessant m\u00e9s art\u00edstica del dibuix. En aquest sentit, vam deixar volar la imaginaci\u00f3 dels alumnes i que fessin lliures creacions d&#8217;un petit recopilatori de poemes de temes diversos: animals, paisatges, objectes, emocions&#8230; Al passad\u00eds de comunitat de grans han quedat penjats com a poesia estesa els diversos cal\u00b7ligrames.\u00a0<\/span><\/p>\n<p>Per posar fi a tot el projecte, vam triar el poema &#8220;Podries&#8221; de Joana Raspall, per fer poesia dibuixada. Primer els alumnes van analitzar el poema, es van familiaritzar amb ell i en vam parlar a l&#8217;aula. Un cop fet aix\u00f2, els mateixos alumnes es van gravar recitant el poema i per acabar, hem enregistrat un proc\u00e9s de creaci\u00f3 art\u00edstica sobre el mateix poema. Aix\u00ed, els alumnes han creat diferents composicions amb t\u00e8cniques diverses sobre el mateix poema.<\/p>\n<p>Properament penjarem els v\u00eddeos de la poesia dibuixada del poema &#8220;Podries&#8221;.<\/p>\n<p>Us deixem un recull sobre els cal\u00b7ligrames que vam treballar.<\/p>\n<p>Clica <a href=\"https:\/\/photos.app.goo.gl\/tWCDixnvkq2M2kMo7\">AQU\u00cd<\/a> per veure el recull de cal\u00b7ligrames.<\/p>\n<p>&nbsp;<\/p>\n","protected":false},"excerpt":{"rendered":"<p>Al llarg d&#8217;aquest darrer trimestre a 4t hem estat treballant la poesia. Primerament, ens vam familiaritzar amb els versos, les estrofes i les rimes a partir del poema de la Vaca Cega d&#8217;en Joan Maragall.<br \/>\nA continuaci\u00f3, vam crear cal\u00b7ligrames, en llengua castellana, per tal de&hellip;  <a href=\"https:\/\/agora.xtec.cat\/escolalavilapalamos\/general\/treballem-la-poesia-a-4t\/\" title=\"Read Treballem la poesia a 4t\">Llegeix m\u00e9s\u00bb<\/a><\/p>\n","protected":false},"author":132,"featured_media":13657,"comment_status":"open","ping_status":"closed","sticky":false,"template":"","format":"standard","meta":{"_bbp_topic_count":0,"_bbp_reply_count":0,"_bbp_total_topic_count":0,"_bbp_total_reply_count":0,"_bbp_voice_count":0,"_bbp_anonymous_reply_count":0,"_bbp_topic_count_hidden":0,"_bbp_reply_count_hidden":0,"_bbp_forum_subforum_count":0,"footnotes":""},"categories":[128,1,4,5],"tags":[],"class_list":["post-13652","post","type-post","status-publish","format-standard","has-post-thumbnail","hentry","category-comunitat-de-grans","category-general","category-portada","category-primaria"],"post_mailing_queue_ids":[],"_links":{"self":[{"href":"https:\/\/agora.xtec.cat\/escolalavilapalamos\/wp-json\/wp\/v2\/posts\/13652","targetHints":{"allow":["GET"]}}],"collection":[{"href":"https:\/\/agora.xtec.cat\/escolalavilapalamos\/wp-json\/wp\/v2\/posts"}],"about":[{"href":"https:\/\/agora.xtec.cat\/escolalavilapalamos\/wp-json\/wp\/v2\/types\/post"}],"author":[{"embeddable":true,"href":"https:\/\/agora.xtec.cat\/escolalavilapalamos\/wp-json\/wp\/v2\/users\/132"}],"replies":[{"embeddable":true,"href":"https:\/\/agora.xtec.cat\/escolalavilapalamos\/wp-json\/wp\/v2\/comments?post=13652"}],"version-history":[{"count":3,"href":"https:\/\/agora.xtec.cat\/escolalavilapalamos\/wp-json\/wp\/v2\/posts\/13652\/revisions"}],"predecessor-version":[{"id":13666,"href":"https:\/\/agora.xtec.cat\/escolalavilapalamos\/wp-json\/wp\/v2\/posts\/13652\/revisions\/13666"}],"wp:featuredmedia":[{"embeddable":true,"href":"https:\/\/agora.xtec.cat\/escolalavilapalamos\/wp-json\/wp\/v2\/media\/13657"}],"wp:attachment":[{"href":"https:\/\/agora.xtec.cat\/escolalavilapalamos\/wp-json\/wp\/v2\/media?parent=13652"}],"wp:term":[{"taxonomy":"category","embeddable":true,"href":"https:\/\/agora.xtec.cat\/escolalavilapalamos\/wp-json\/wp\/v2\/categories?post=13652"},{"taxonomy":"post_tag","embeddable":true,"href":"https:\/\/agora.xtec.cat\/escolalavilapalamos\/wp-json\/wp\/v2\/tags?post=13652"}],"curies":[{"name":"wp","href":"https:\/\/api.w.org\/{rel}","templated":true}]}}