{"id":13644,"date":"2023-05-30T18:26:26","date_gmt":"2023-05-30T16:26:26","guid":{"rendered":"https:\/\/agora.xtec.cat\/escolalavilapalamos\/?p=13644"},"modified":"2023-05-30T18:31:53","modified_gmt":"2023-05-30T16:31:53","slug":"excursio-al-castell-gala-dali-a-pubol","status":"publish","type":"post","link":"https:\/\/agora.xtec.cat\/escolalavilapalamos\/general\/excursio-al-castell-gala-dali-a-pubol\/","title":{"rendered":"Excursi\u00f3 al Castell Gala-Dal\u00ed a P\u00fabol"},"content":{"rendered":"<p>Com a cloenda del projecte sobre Dal\u00ed, ahir l&#8217;alumnat de tercer vam anar a P\u00fabol a visitar el Castell que Dal\u00ed li va regalar a la Gala. Ens van explicar la hist\u00f2ria de com va acabar sent un regal per la Gala, per qu\u00e8 li volia regalar, com ho va fer, quines normes va establir la Gala, com era per dins i per fora i el perqu\u00e8 de tot plegat. Amb els nostres propis ulls vam veure el surrealisme que veiem en els quadres per\u00f2 a la seva vida real. Ens ho vam passar d&#8217;all\u00f2 m\u00e9s b\u00e9.<\/p>\n<p><a href=\"https:\/\/photos.app.goo.gl\/7SaYF1uAJFVoP4xr6\">Podeu veure totes les fotos de l&#8217;excursi\u00f3 aqu\u00ed<\/a><\/p>\n<p><img loading=\"lazy\" decoding=\"async\" class=\"alignright\" src=\"https:\/\/lh3.googleusercontent.com\/pw\/AJFCJaVx_sstx6izlyHiTw9SFhD64CHXp1ACRBMA0PQJQld9jQ0JP7koaf93lBLsCiLg1fW0VTIvxxdxrR4ksjqwkonG7Dy2K2e24QuswWLb-X-om6jT4NfLu7X6wiffUZ75v4sCx6hEv2UY5vE0ss1ln8XRsA=w1218-h914-s-no?authuser=0\" width=\"603\" height=\"452\" \/><\/p>\n<p><img loading=\"lazy\" decoding=\"async\" class=\"alignleft\" src=\"https:\/\/lh3.googleusercontent.com\/pw\/AJFCJaWJ2A0uHxcN5dpKCKwKpFTHwLhoYzI1bCEzm6fvQfawJ6NswzB5ZXGhJtP9R_BdbG01i2bom02bFtXlE5ns-NJq6akgbmuZ-eVrozCMvgaFzTll388ZzWFmC_Y-US3Rl_TyvpASRqxBamzZEUwTbBv_cw=w1218-h914-s-no?authuser=0\" width=\"635\" height=\"477\" \/><\/p>\n<p>&nbsp;<\/p>\n","protected":false},"excerpt":{"rendered":"<p>Com a cloenda del projecte sobre Dal\u00ed, ahir l&#8217;alumnat de tercer vam anar a P\u00fabol a visitar el Castell que Dal\u00ed li va regalar a la Gala. Ens van explicar la hist\u00f2ria de com va acabar sent un regal per la Gala, per qu\u00e8 li&hellip;  <a href=\"https:\/\/agora.xtec.cat\/escolalavilapalamos\/general\/excursio-al-castell-gala-dali-a-pubol\/\" title=\"Read Excursi\u00f3 al Castell Gala-Dal\u00ed a P\u00fabol\">Llegeix m\u00e9s\u00bb<\/a><\/p>\n","protected":false},"author":131,"featured_media":13649,"comment_status":"open","ping_status":"closed","sticky":false,"template":"","format":"standard","meta":{"_bbp_topic_count":0,"_bbp_reply_count":0,"_bbp_total_topic_count":0,"_bbp_total_reply_count":0,"_bbp_voice_count":0,"_bbp_anonymous_reply_count":0,"_bbp_topic_count_hidden":0,"_bbp_reply_count_hidden":0,"_bbp_forum_subforum_count":0,"footnotes":""},"categories":[127,1,4],"tags":[],"class_list":["post-13644","post","type-post","status-publish","format-standard","has-post-thumbnail","hentry","category-comunitat-de-mitjans","category-general","category-portada"],"post_mailing_queue_ids":[],"_links":{"self":[{"href":"https:\/\/agora.xtec.cat\/escolalavilapalamos\/wp-json\/wp\/v2\/posts\/13644","targetHints":{"allow":["GET"]}}],"collection":[{"href":"https:\/\/agora.xtec.cat\/escolalavilapalamos\/wp-json\/wp\/v2\/posts"}],"about":[{"href":"https:\/\/agora.xtec.cat\/escolalavilapalamos\/wp-json\/wp\/v2\/types\/post"}],"author":[{"embeddable":true,"href":"https:\/\/agora.xtec.cat\/escolalavilapalamos\/wp-json\/wp\/v2\/users\/131"}],"replies":[{"embeddable":true,"href":"https:\/\/agora.xtec.cat\/escolalavilapalamos\/wp-json\/wp\/v2\/comments?post=13644"}],"version-history":[{"count":3,"href":"https:\/\/agora.xtec.cat\/escolalavilapalamos\/wp-json\/wp\/v2\/posts\/13644\/revisions"}],"predecessor-version":[{"id":13651,"href":"https:\/\/agora.xtec.cat\/escolalavilapalamos\/wp-json\/wp\/v2\/posts\/13644\/revisions\/13651"}],"wp:featuredmedia":[{"embeddable":true,"href":"https:\/\/agora.xtec.cat\/escolalavilapalamos\/wp-json\/wp\/v2\/media\/13649"}],"wp:attachment":[{"href":"https:\/\/agora.xtec.cat\/escolalavilapalamos\/wp-json\/wp\/v2\/media?parent=13644"}],"wp:term":[{"taxonomy":"category","embeddable":true,"href":"https:\/\/agora.xtec.cat\/escolalavilapalamos\/wp-json\/wp\/v2\/categories?post=13644"},{"taxonomy":"post_tag","embeddable":true,"href":"https:\/\/agora.xtec.cat\/escolalavilapalamos\/wp-json\/wp\/v2\/tags?post=13644"}],"curies":[{"name":"wp","href":"https:\/\/api.w.org\/{rel}","templated":true}]}}