{"id":13639,"date":"2023-06-01T08:00:12","date_gmt":"2023-06-01T06:00:12","guid":{"rendered":"https:\/\/agora.xtec.cat\/escolalavilapalamos\/?p=13639"},"modified":"2023-05-29T16:08:12","modified_gmt":"2023-05-29T14:08:12","slug":"jornada-continuada-5","status":"publish","type":"post","link":"https:\/\/agora.xtec.cat\/escolalavilapalamos\/general\/jornada-continuada-5\/","title":{"rendered":"Jornada continuada"},"content":{"rendered":"<p><img loading=\"lazy\" decoding=\"async\" class=\"alignright wp-image-1597 \" src=\"https:\/\/agora.xtec.cat\/escolalavilapalamos\/wp-content\/uploads\/usu897\/2017\/05\/set-de-playa-con-cubo-pala-y-rastrillo-junior.jpg\" alt=\"set-de-playa-con-cubo-pala-y-rastrillo-junior\" width=\"366\" height=\"366\" srcset=\"https:\/\/agora.xtec.cat\/escolalavilapalamos\/wp-content\/uploads\/usu897\/2017\/05\/set-de-playa-con-cubo-pala-y-rastrillo-junior.jpg 600w, https:\/\/agora.xtec.cat\/escolalavilapalamos\/wp-content\/uploads\/usu897\/2017\/05\/set-de-playa-con-cubo-pala-y-rastrillo-junior-150x150.jpg 150w, https:\/\/agora.xtec.cat\/escolalavilapalamos\/wp-content\/uploads\/usu897\/2017\/05\/set-de-playa-con-cubo-pala-y-rastrillo-junior-300x300.jpg 300w\" sizes=\"auto, (max-width: 366px) 100vw, 366px\" \/>A partir de <strong>dilluns 5 de juny<\/strong> es far\u00e0 <strong>jornada continuada al mat\u00ed<\/strong>, tal i com es va aprovar en el Consell Escolar de centre.\u00a0 <strong>A la tarda no hi haur\u00e0 classe<\/strong>.<\/p>\n<p>L\u2019horari ser\u00e0 de 8:30 a 12:30h. <strong>per a tothom<\/strong>, a Infantil i a Prim\u00e0ria.<\/p>\n<p>L\u2019AMPA continua mantenint el <strong>servei d\u2019acollida<\/strong> de 7:45 a 8:30h. i de 12:30 a 13:15h.<\/p>\n<p>El <strong>servei de menjador<\/strong> finalitzar\u00e0 a les 15:00h. Es podr\u00e0 comen\u00e7ar a recollir als\/a les nens\/es de la comunitat de petits i mitjans a les 14:45h, per la porta principal de l\u2019escola (edifici nou). Les\/els noies\/s de la comunitat de grans sortiran pel portal verd.<\/p>\n<h5><strong>Les classes finalitzen dijous 22 de juny de 2023<\/strong><\/h5>\n","protected":false},"excerpt":{"rendered":"<p>A partir de dilluns 5 de juny es far\u00e0 jornada continuada al mat\u00ed, tal i com es va aprovar en el Consell Escolar de centre.\u00a0 A la tarda no hi haur\u00e0 classe.<br \/>\nL\u2019horari ser\u00e0 de 8:30 a 12:30h. per a tothom, a Infantil i a Prim\u00e0ria.<br \/>\nL\u2019AMPA&hellip;  <a href=\"https:\/\/agora.xtec.cat\/escolalavilapalamos\/general\/jornada-continuada-5\/\" title=\"Read Jornada continuada\">Llegeix m\u00e9s\u00bb<\/a><\/p>\n","protected":false},"author":1,"featured_media":1597,"comment_status":"open","ping_status":"closed","sticky":false,"template":"","format":"standard","meta":{"_bbp_topic_count":0,"_bbp_reply_count":0,"_bbp_total_topic_count":0,"_bbp_total_reply_count":0,"_bbp_voice_count":0,"_bbp_anonymous_reply_count":0,"_bbp_topic_count_hidden":0,"_bbp_reply_count_hidden":0,"_bbp_forum_subforum_count":0,"footnotes":""},"categories":[1,4],"tags":[],"class_list":["post-13639","post","type-post","status-publish","format-standard","has-post-thumbnail","hentry","category-general","category-portada"],"post_mailing_queue_ids":[],"_links":{"self":[{"href":"https:\/\/agora.xtec.cat\/escolalavilapalamos\/wp-json\/wp\/v2\/posts\/13639","targetHints":{"allow":["GET"]}}],"collection":[{"href":"https:\/\/agora.xtec.cat\/escolalavilapalamos\/wp-json\/wp\/v2\/posts"}],"about":[{"href":"https:\/\/agora.xtec.cat\/escolalavilapalamos\/wp-json\/wp\/v2\/types\/post"}],"author":[{"embeddable":true,"href":"https:\/\/agora.xtec.cat\/escolalavilapalamos\/wp-json\/wp\/v2\/users\/1"}],"replies":[{"embeddable":true,"href":"https:\/\/agora.xtec.cat\/escolalavilapalamos\/wp-json\/wp\/v2\/comments?post=13639"}],"version-history":[{"count":1,"href":"https:\/\/agora.xtec.cat\/escolalavilapalamos\/wp-json\/wp\/v2\/posts\/13639\/revisions"}],"predecessor-version":[{"id":13640,"href":"https:\/\/agora.xtec.cat\/escolalavilapalamos\/wp-json\/wp\/v2\/posts\/13639\/revisions\/13640"}],"wp:featuredmedia":[{"embeddable":true,"href":"https:\/\/agora.xtec.cat\/escolalavilapalamos\/wp-json\/wp\/v2\/media\/1597"}],"wp:attachment":[{"href":"https:\/\/agora.xtec.cat\/escolalavilapalamos\/wp-json\/wp\/v2\/media?parent=13639"}],"wp:term":[{"taxonomy":"category","embeddable":true,"href":"https:\/\/agora.xtec.cat\/escolalavilapalamos\/wp-json\/wp\/v2\/categories?post=13639"},{"taxonomy":"post_tag","embeddable":true,"href":"https:\/\/agora.xtec.cat\/escolalavilapalamos\/wp-json\/wp\/v2\/tags?post=13639"}],"curies":[{"name":"wp","href":"https:\/\/api.w.org\/{rel}","templated":true}]}}