{"id":13626,"date":"2023-05-29T13:22:50","date_gmt":"2023-05-29T11:22:50","guid":{"rendered":"https:\/\/agora.xtec.cat\/escolalavilapalamos\/?p=13626"},"modified":"2023-05-29T14:39:01","modified_gmt":"2023-05-29T12:39:01","slug":"i-tu-quina-musica-escoltes","status":"publish","type":"post","link":"https:\/\/agora.xtec.cat\/escolalavilapalamos\/general\/i-tu-quina-musica-escoltes\/","title":{"rendered":"I tu, quina m\u00fasica escoltes?"},"content":{"rendered":"<p>Aquesta segona part del curs ens hem centrat en <strong>els diferents instruments de corda<\/strong>. Durant el mes de maig hem tocat el piano, l\u2019ukelele i els <em>boomwhackers<\/em>, hem cantat, hem ballat, hem creat i hem apr\u00e8s a interpretar a nivell vocal i instrumental.<\/p>\n<p>A la <strong>comunitat de grans<\/strong> hem descobert diferents estils i g\u00e8neres musicals. D\u2019aquesta manera hem pogut situar els nostres grups i cantants preferits a un estil concret. Cadasc\u00fa ha pogut fer recerca i descobrir curiositats sobre la m\u00fasica que escolta, per aix\u00ed poder analitzar-la de forma cr\u00edtica i valorar qu\u00e8 \u00e9s el que realment ens agrada de la m\u00fasica que sovint escoltem.<\/p>\n<p>A la <strong>comunitat de mitjans<\/strong>, hem aprofundit en l\u2019aprenentatge de les notes musicals per poder interpretar l\u2019escala de forma correcte amb els instruments i tamb\u00e9 amb la veu. Hem conegut diferents instruments i tamb\u00e9 hem preparat els balls de la trobada de danses d\u2019aquest curs.<\/p>\n<p>A la <strong>comunitat de petits<\/strong> hem apr\u00e8s la dansa \u201cVolta cap aqu\u00ed\u201d, hem descobert i tocat nous instruments com el piano, les campanes o els <em>boomwhackers. <\/em>A m\u00e9s, hem apr\u00e8s diferents can\u00e7ons noves que han quedat totes ben guardades a la nostra capsa de m\u00fasica. Fins i tot ens hem endut una maraca a casa per poder continuar fent m\u00fasica aquest estiu.<\/p>\n<p>Aix\u00ed que, ja ho veieu fam\u00edlies, ha sigut un curs ple de m\u00fasica i de nous aprenentatges musicals que ens emportem a les nostres motxilles, que surten ben carregades aquest final de curs. Molt bona m\u00fasica a tothom!<\/p>\n<p style=\"text-align: center;\"><iframe loading=\"lazy\" src=\"\/\/www.youtube.com\/embed\/NC4A97nuZZY\" width=\"560\" height=\"314\"><\/iframe><\/p>\n","protected":false},"excerpt":{"rendered":"<p>Aquesta segona part del curs ens hem centrat en els diferents instruments de corda. Durant el mes de maig hem tocat el piano, l\u2019ukelele i els boomwhackers, hem cantat, hem ballat, hem creat i hem apr\u00e8s a interpretar a nivell vocal i instrumental.<br \/>\nA la comunitat&hellip;  <a href=\"https:\/\/agora.xtec.cat\/escolalavilapalamos\/general\/i-tu-quina-musica-escoltes\/\" title=\"Read I tu, quina m\u00fasica escoltes?\">Llegeix m\u00e9s\u00bb<\/a><\/p>\n","protected":false},"author":5,"featured_media":13633,"comment_status":"open","ping_status":"closed","sticky":false,"template":"","format":"standard","meta":{"_bbp_topic_count":0,"_bbp_reply_count":0,"_bbp_total_topic_count":0,"_bbp_total_reply_count":0,"_bbp_voice_count":0,"_bbp_anonymous_reply_count":0,"_bbp_topic_count_hidden":0,"_bbp_reply_count_hidden":0,"_bbp_forum_subforum_count":0,"footnotes":""},"categories":[1,68,4],"tags":[],"class_list":["post-13626","post","type-post","status-publish","format-standard","has-post-thumbnail","hentry","category-general","category-musica","category-portada"],"post_mailing_queue_ids":[],"_links":{"self":[{"href":"https:\/\/agora.xtec.cat\/escolalavilapalamos\/wp-json\/wp\/v2\/posts\/13626","targetHints":{"allow":["GET"]}}],"collection":[{"href":"https:\/\/agora.xtec.cat\/escolalavilapalamos\/wp-json\/wp\/v2\/posts"}],"about":[{"href":"https:\/\/agora.xtec.cat\/escolalavilapalamos\/wp-json\/wp\/v2\/types\/post"}],"author":[{"embeddable":true,"href":"https:\/\/agora.xtec.cat\/escolalavilapalamos\/wp-json\/wp\/v2\/users\/5"}],"replies":[{"embeddable":true,"href":"https:\/\/agora.xtec.cat\/escolalavilapalamos\/wp-json\/wp\/v2\/comments?post=13626"}],"version-history":[{"count":3,"href":"https:\/\/agora.xtec.cat\/escolalavilapalamos\/wp-json\/wp\/v2\/posts\/13626\/revisions"}],"predecessor-version":[{"id":13635,"href":"https:\/\/agora.xtec.cat\/escolalavilapalamos\/wp-json\/wp\/v2\/posts\/13626\/revisions\/13635"}],"wp:featuredmedia":[{"embeddable":true,"href":"https:\/\/agora.xtec.cat\/escolalavilapalamos\/wp-json\/wp\/v2\/media\/13633"}],"wp:attachment":[{"href":"https:\/\/agora.xtec.cat\/escolalavilapalamos\/wp-json\/wp\/v2\/media?parent=13626"}],"wp:term":[{"taxonomy":"category","embeddable":true,"href":"https:\/\/agora.xtec.cat\/escolalavilapalamos\/wp-json\/wp\/v2\/categories?post=13626"},{"taxonomy":"post_tag","embeddable":true,"href":"https:\/\/agora.xtec.cat\/escolalavilapalamos\/wp-json\/wp\/v2\/tags?post=13626"}],"curies":[{"name":"wp","href":"https:\/\/api.w.org\/{rel}","templated":true}]}}