{"id":13618,"date":"2023-05-29T09:54:27","date_gmt":"2023-05-29T07:54:27","guid":{"rendered":"https:\/\/agora.xtec.cat\/escolalavilapalamos\/?p=13618"},"modified":"2023-05-29T10:17:29","modified_gmt":"2023-05-29T08:17:29","slug":"jornada-de-patis","status":"publish","type":"post","link":"https:\/\/agora.xtec.cat\/escolalavilapalamos\/general\/jornada-de-patis\/","title":{"rendered":"Jornada de patis a l&#8217;escola"},"content":{"rendered":"<h1><img loading=\"lazy\" decoding=\"async\" class=\"wp-image-13564 alignright\" src=\"https:\/\/agora.xtec.cat\/escolalavilapalamos\/wp-content\/uploads\/usu897\/2023\/05\/Jornada-dEspais-exteriors-maig-2023.jpg\" alt=\"\" width=\"495\" height=\"406\" srcset=\"https:\/\/agora.xtec.cat\/escolalavilapalamos\/wp-content\/uploads\/usu897\/2023\/05\/Jornada-dEspais-exteriors-maig-2023.jpg 1932w, https:\/\/agora.xtec.cat\/escolalavilapalamos\/wp-content\/uploads\/usu897\/2023\/05\/Jornada-dEspais-exteriors-maig-2023-300x246.jpg 300w, https:\/\/agora.xtec.cat\/escolalavilapalamos\/wp-content\/uploads\/usu897\/2023\/05\/Jornada-dEspais-exteriors-maig-2023-1024x841.jpg 1024w, https:\/\/agora.xtec.cat\/escolalavilapalamos\/wp-content\/uploads\/usu897\/2023\/05\/Jornada-dEspais-exteriors-maig-2023-768x630.jpg 768w, https:\/\/agora.xtec.cat\/escolalavilapalamos\/wp-content\/uploads\/usu897\/2023\/05\/Jornada-dEspais-exteriors-maig-2023-1536x1261.jpg 1536w\" sizes=\"auto, (max-width: 495px) 100vw, 495px\" \/><\/h1>\n<p><strong>Divendres 26 de maig l\u2019escola va organitzar una jornada de treball als patis i espais exteriors del centre. Tarda de 16 a 20 h<\/strong><\/p>\n<p>En aquesta ocasi\u00f3 es van realitzar les tasques seg\u00fcents: els alumnes i fam\u00edlies de 2n van crear un hotel d&#8217;insectes pel pati, s&#8217;han creat dos espais musicals per infantil i prim\u00e0ria, s&#8217;ha netejar l&#8217;espai de la barca per restaurar la zona de pedres i s&#8217;han netejat i desbrossat zones dels patis.<\/p>\n<p>Podeu veure totes <a href=\"https:\/\/photos.app.goo.gl\/tFDZhJr6a7ZYiFWh9\">les fotos de la jornada aqu\u00ed<\/a><\/p>\n<p>Comissi\u00f3 Espais Exteriors<\/p>\n","protected":false},"excerpt":{"rendered":"<p>Divendres 26 de maig l\u2019escola va organitzar una jornada de treball als patis i espais exteriors del centre. Tarda de 16 a 20 h<br \/>\nEn aquesta ocasi\u00f3 es van realitzar les tasques seg\u00fcents: els alumnes i fam\u00edlies de 2n van crear un hotel d&#8217;insectes pel pati,&hellip;  <a href=\"https:\/\/agora.xtec.cat\/escolalavilapalamos\/general\/jornada-de-patis\/\" title=\"Read Jornada de patis a l&#8217;escola\">Llegeix m\u00e9s\u00bb<\/a><\/p>\n","protected":false},"author":1,"featured_media":13621,"comment_status":"open","ping_status":"closed","sticky":false,"template":"","format":"standard","meta":{"_bbp_topic_count":0,"_bbp_reply_count":0,"_bbp_total_topic_count":0,"_bbp_total_reply_count":0,"_bbp_voice_count":0,"_bbp_anonymous_reply_count":0,"_bbp_topic_count_hidden":0,"_bbp_reply_count_hidden":0,"_bbp_forum_subforum_count":0,"footnotes":""},"categories":[123,1,4],"tags":[],"class_list":["post-13618","post","type-post","status-publish","format-standard","has-post-thumbnail","hentry","category-patis","category-general","category-portada"],"post_mailing_queue_ids":[],"_links":{"self":[{"href":"https:\/\/agora.xtec.cat\/escolalavilapalamos\/wp-json\/wp\/v2\/posts\/13618","targetHints":{"allow":["GET"]}}],"collection":[{"href":"https:\/\/agora.xtec.cat\/escolalavilapalamos\/wp-json\/wp\/v2\/posts"}],"about":[{"href":"https:\/\/agora.xtec.cat\/escolalavilapalamos\/wp-json\/wp\/v2\/types\/post"}],"author":[{"embeddable":true,"href":"https:\/\/agora.xtec.cat\/escolalavilapalamos\/wp-json\/wp\/v2\/users\/1"}],"replies":[{"embeddable":true,"href":"https:\/\/agora.xtec.cat\/escolalavilapalamos\/wp-json\/wp\/v2\/comments?post=13618"}],"version-history":[{"count":3,"href":"https:\/\/agora.xtec.cat\/escolalavilapalamos\/wp-json\/wp\/v2\/posts\/13618\/revisions"}],"predecessor-version":[{"id":13623,"href":"https:\/\/agora.xtec.cat\/escolalavilapalamos\/wp-json\/wp\/v2\/posts\/13618\/revisions\/13623"}],"wp:featuredmedia":[{"embeddable":true,"href":"https:\/\/agora.xtec.cat\/escolalavilapalamos\/wp-json\/wp\/v2\/media\/13621"}],"wp:attachment":[{"href":"https:\/\/agora.xtec.cat\/escolalavilapalamos\/wp-json\/wp\/v2\/media?parent=13618"}],"wp:term":[{"taxonomy":"category","embeddable":true,"href":"https:\/\/agora.xtec.cat\/escolalavilapalamos\/wp-json\/wp\/v2\/categories?post=13618"},{"taxonomy":"post_tag","embeddable":true,"href":"https:\/\/agora.xtec.cat\/escolalavilapalamos\/wp-json\/wp\/v2\/tags?post=13618"}],"curies":[{"name":"wp","href":"https:\/\/api.w.org\/{rel}","templated":true}]}}