{"id":13611,"date":"2023-06-01T15:32:44","date_gmt":"2023-06-01T13:32:44","guid":{"rendered":"https:\/\/agora.xtec.cat\/escolalavilapalamos\/?p=13611"},"modified":"2023-06-13T13:25:22","modified_gmt":"2023-06-13T11:25:22","slug":"art-project","status":"publish","type":"post","link":"https:\/\/agora.xtec.cat\/escolalavilapalamos\/general\/art-project\/","title":{"rendered":"Art project"},"content":{"rendered":"<p>Els alumnes de 6\u00e8 hem treballat , des de l&#8217;\u00e0rea d&#8217;angl\u00e8s el post-impressionisme, el modernisme i el surrealisme.<\/p>\n<p>Han fet recerca sobre la vida i obra de Vincent Van Gogh, Antoni Gaud\u00ed i Salvador Dal\u00ed.<\/p>\n<p>Han utilitzat l\u2019angl\u00e8s com a mitj\u00e0 per aprendre continguts i han fet les \u00a0corresponents presentacions orals.\u00a0 Estem acabant amb un detall art\u00edstic que us presentarem en breu!<\/p>\n<p><a href=\"https:\/\/drive.google.com\/drive\/folders\/1YqtrZOPjRtle7K8ovYaI1RQzaJSqjtsf\">Cliqueu als enlla\u00e7os per veure les presentacions<\/a><\/p>\n<p><img decoding=\"async\" src=\"https:\/\/encrypted-tbn0.gstatic.com\/images?q=tbn:ANd9GcQ_C5fqxdGBEiPzH7u6SCo2IKOx9ieTQvgXPQ&amp;usqp=CAU\" alt=\"Home - Art Dumay\" \/><\/p>\n","protected":false},"excerpt":{"rendered":"<p>Els alumnes de 6\u00e8 hem treballat , des de l&#8217;\u00e0rea d&#8217;angl\u00e8s el post-impressionisme, el modernisme i el surrealisme.<br \/>\nHan fet recerca sobre la vida i obra de Vincent Van Gogh, Antoni Gaud\u00ed i Salvador Dal\u00ed.<br \/>\nHan utilitzat l\u2019angl\u00e8s com a mitj\u00e0 per aprendre continguts i han fet&hellip;  <a href=\"https:\/\/agora.xtec.cat\/escolalavilapalamos\/general\/art-project\/\" title=\"Read Art project\">Llegeix m\u00e9s\u00bb<\/a><\/p>\n","protected":false},"author":11,"featured_media":13715,"comment_status":"open","ping_status":"closed","sticky":false,"template":"","format":"standard","meta":{"_bbp_topic_count":0,"_bbp_reply_count":0,"_bbp_total_topic_count":0,"_bbp_total_reply_count":0,"_bbp_voice_count":0,"_bbp_anonymous_reply_count":0,"_bbp_topic_count_hidden":0,"_bbp_reply_count_hidden":0,"_bbp_forum_subforum_count":0,"footnotes":""},"categories":[128,1,4],"tags":[],"class_list":["post-13611","post","type-post","status-publish","format-standard","has-post-thumbnail","hentry","category-comunitat-de-grans","category-general","category-portada"],"post_mailing_queue_ids":[],"_links":{"self":[{"href":"https:\/\/agora.xtec.cat\/escolalavilapalamos\/wp-json\/wp\/v2\/posts\/13611","targetHints":{"allow":["GET"]}}],"collection":[{"href":"https:\/\/agora.xtec.cat\/escolalavilapalamos\/wp-json\/wp\/v2\/posts"}],"about":[{"href":"https:\/\/agora.xtec.cat\/escolalavilapalamos\/wp-json\/wp\/v2\/types\/post"}],"author":[{"embeddable":true,"href":"https:\/\/agora.xtec.cat\/escolalavilapalamos\/wp-json\/wp\/v2\/users\/11"}],"replies":[{"embeddable":true,"href":"https:\/\/agora.xtec.cat\/escolalavilapalamos\/wp-json\/wp\/v2\/comments?post=13611"}],"version-history":[{"count":3,"href":"https:\/\/agora.xtec.cat\/escolalavilapalamos\/wp-json\/wp\/v2\/posts\/13611\/revisions"}],"predecessor-version":[{"id":13716,"href":"https:\/\/agora.xtec.cat\/escolalavilapalamos\/wp-json\/wp\/v2\/posts\/13611\/revisions\/13716"}],"wp:featuredmedia":[{"embeddable":true,"href":"https:\/\/agora.xtec.cat\/escolalavilapalamos\/wp-json\/wp\/v2\/media\/13715"}],"wp:attachment":[{"href":"https:\/\/agora.xtec.cat\/escolalavilapalamos\/wp-json\/wp\/v2\/media?parent=13611"}],"wp:term":[{"taxonomy":"category","embeddable":true,"href":"https:\/\/agora.xtec.cat\/escolalavilapalamos\/wp-json\/wp\/v2\/categories?post=13611"},{"taxonomy":"post_tag","embeddable":true,"href":"https:\/\/agora.xtec.cat\/escolalavilapalamos\/wp-json\/wp\/v2\/tags?post=13611"}],"curies":[{"name":"wp","href":"https:\/\/api.w.org\/{rel}","templated":true}]}}