{"id":13603,"date":"2023-05-30T16:13:37","date_gmt":"2023-05-30T14:13:37","guid":{"rendered":"https:\/\/agora.xtec.cat\/escolalavilapalamos\/?p=13603"},"modified":"2023-05-30T16:13:37","modified_gmt":"2023-05-30T14:13:37","slug":"finalitzacio-del-projecte-pehc-a-2n","status":"publish","type":"post","link":"https:\/\/agora.xtec.cat\/escolalavilapalamos\/portada\/finalitzacio-del-projecte-pehc-a-2n\/","title":{"rendered":"Finalitzaci\u00f3 del projecte PEHC a 2n"},"content":{"rendered":"<p><img loading=\"lazy\" decoding=\"async\" class=\"wp-image-13641  alignleft\" src=\"https:\/\/agora.xtec.cat\/escolalavilapalamos\/wp-content\/uploads\/usu897\/2023\/05\/IMG_20230529_094037-scaled.jpg\" alt=\"\" width=\"479\" height=\"359\" srcset=\"https:\/\/agora.xtec.cat\/escolalavilapalamos\/wp-content\/uploads\/usu897\/2023\/05\/IMG_20230529_094037-scaled.jpg 2560w, https:\/\/agora.xtec.cat\/escolalavilapalamos\/wp-content\/uploads\/usu897\/2023\/05\/IMG_20230529_094037-300x225.jpg 300w, https:\/\/agora.xtec.cat\/escolalavilapalamos\/wp-content\/uploads\/usu897\/2023\/05\/IMG_20230529_094037-1024x768.jpg 1024w, https:\/\/agora.xtec.cat\/escolalavilapalamos\/wp-content\/uploads\/usu897\/2023\/05\/IMG_20230529_094037-768x576.jpg 768w, https:\/\/agora.xtec.cat\/escolalavilapalamos\/wp-content\/uploads\/usu897\/2023\/05\/IMG_20230529_094037-1536x1152.jpg 1536w, https:\/\/agora.xtec.cat\/escolalavilapalamos\/wp-content\/uploads\/usu897\/2023\/05\/IMG_20230529_094037-2048x1536.jpg 2048w, https:\/\/agora.xtec.cat\/escolalavilapalamos\/wp-content\/uploads\/usu897\/2023\/05\/IMG_20230529_094037-200x150.jpg 200w\" sizes=\"auto, (max-width: 479px) 100vw, 479px\" \/><\/p>\n<p>El passat dilluns 29 de maig l&#8217;alumnat de 2n va realitzar la cloenda del projecte <strong>PHYSICAL EDUCATION HEALTH AND CHILDREN<\/strong> (PEHC) que s&#8217;ha portat a terme al llarg d&#8217;aquest curs. Aquesta activitat es va fer a la nau dels 50 metres i les nenes i nens de 2n van fer de petits cient\u00edfics i tamb\u00e9 esportistes. Van gaudir de tota una jornada que posa punt i final en aquesta primera edici\u00f3 d&#8217;aquest projecte al nostra municipi.<\/p>\n<p>Clicant <a href=\"https:\/\/photos.app.goo.gl\/BcsSkJ3tgPBDQrcs9\">aqu\u00ed<\/a> podeu veure un recull de fotografies del que va ser la jornada.<\/p>\n","protected":false},"excerpt":{"rendered":"<p>El passat dilluns 29 de maig l&#8217;alumnat de 2n va realitzar la cloenda del projecte PHYSICAL EDUCATION HEALTH AND CHILDREN (PEHC) que s&#8217;ha portat a terme al llarg d&#8217;aquest curs. Aquesta activitat es va fer a la nau dels 50 metres i les nenes i&hellip;  <a href=\"https:\/\/agora.xtec.cat\/escolalavilapalamos\/portada\/finalitzacio-del-projecte-pehc-a-2n\/\" title=\"Read Finalitzaci\u00f3 del projecte PEHC a 2n\">Llegeix m\u00e9s\u00bb<\/a><\/p>\n","protected":false},"author":167,"featured_media":13641,"comment_status":"open","ping_status":"closed","sticky":false,"template":"","format":"standard","meta":{"_bbp_topic_count":0,"_bbp_reply_count":0,"_bbp_total_topic_count":0,"_bbp_total_reply_count":0,"_bbp_voice_count":0,"_bbp_anonymous_reply_count":0,"_bbp_topic_count_hidden":0,"_bbp_reply_count_hidden":0,"_bbp_forum_subforum_count":0,"footnotes":""},"categories":[127,70,67,4,5],"tags":[],"class_list":["post-13603","post","type-post","status-publish","format-standard","has-post-thumbnail","hentry","category-comunitat-de-mitjans","category-efi","category-especialistes","category-portada","category-primaria"],"post_mailing_queue_ids":[],"_links":{"self":[{"href":"https:\/\/agora.xtec.cat\/escolalavilapalamos\/wp-json\/wp\/v2\/posts\/13603","targetHints":{"allow":["GET"]}}],"collection":[{"href":"https:\/\/agora.xtec.cat\/escolalavilapalamos\/wp-json\/wp\/v2\/posts"}],"about":[{"href":"https:\/\/agora.xtec.cat\/escolalavilapalamos\/wp-json\/wp\/v2\/types\/post"}],"author":[{"embeddable":true,"href":"https:\/\/agora.xtec.cat\/escolalavilapalamos\/wp-json\/wp\/v2\/users\/167"}],"replies":[{"embeddable":true,"href":"https:\/\/agora.xtec.cat\/escolalavilapalamos\/wp-json\/wp\/v2\/comments?post=13603"}],"version-history":[{"count":3,"href":"https:\/\/agora.xtec.cat\/escolalavilapalamos\/wp-json\/wp\/v2\/posts\/13603\/revisions"}],"predecessor-version":[{"id":13648,"href":"https:\/\/agora.xtec.cat\/escolalavilapalamos\/wp-json\/wp\/v2\/posts\/13603\/revisions\/13648"}],"wp:featuredmedia":[{"embeddable":true,"href":"https:\/\/agora.xtec.cat\/escolalavilapalamos\/wp-json\/wp\/v2\/media\/13641"}],"wp:attachment":[{"href":"https:\/\/agora.xtec.cat\/escolalavilapalamos\/wp-json\/wp\/v2\/media?parent=13603"}],"wp:term":[{"taxonomy":"category","embeddable":true,"href":"https:\/\/agora.xtec.cat\/escolalavilapalamos\/wp-json\/wp\/v2\/categories?post=13603"},{"taxonomy":"post_tag","embeddable":true,"href":"https:\/\/agora.xtec.cat\/escolalavilapalamos\/wp-json\/wp\/v2\/tags?post=13603"}],"curies":[{"name":"wp","href":"https:\/\/api.w.org\/{rel}","templated":true}]}}