{"id":13592,"date":"2023-05-23T18:30:09","date_gmt":"2023-05-23T16:30:09","guid":{"rendered":"https:\/\/agora.xtec.cat\/escolalavilapalamos\/?p=13592"},"modified":"2023-05-26T12:43:20","modified_gmt":"2023-05-26T10:43:20","slug":"descobrim-la-diabetis","status":"publish","type":"post","link":"https:\/\/agora.xtec.cat\/escolalavilapalamos\/general\/descobrim-la-diabetis\/","title":{"rendered":"DESCOBRIM LA DIABETIS"},"content":{"rendered":"<p align=\"justify\"><a href=\"https:\/\/youtu.be\/oQi4ae_fwR4\"><img loading=\"lazy\" decoding=\"async\" class=\"wp-image-13594 alignright\" src=\"https:\/\/agora.xtec.cat\/escolalavilapalamos\/wp-content\/uploads\/usu897\/2023\/05\/llibre-diabetis.jpg\" alt=\"\" width=\"250\" height=\"333\" srcset=\"https:\/\/agora.xtec.cat\/escolalavilapalamos\/wp-content\/uploads\/usu897\/2023\/05\/llibre-diabetis.jpg 768w, https:\/\/agora.xtec.cat\/escolalavilapalamos\/wp-content\/uploads\/usu897\/2023\/05\/llibre-diabetis-225x300.jpg 225w\" sizes=\"auto, (max-width: 250px) 100vw, 250px\" \/><\/a>A la Comunitat de Petits, a I4 hem presentat el tema de la diabetis. Amb els infants hem treballat a partir d\u2019un conte i de material did\u00e0ctics que ens expliquen aquesta malaltia.<\/p>\n<p align=\"justify\">La diabetis \u00e9s una afecci\u00f3 que no permet que el p\u00e0ncrees produeixi una hormona molt important, la insulina. La insulina ajuda a diluir el sucre que passa a la sang. Sense aquesta hormona no es pot sobreviure i per tant s\u2019ha de subministrar de manera externa.<\/p>\n<p align=\"justify\">L\u2019edat m\u00e9s freq\u00fcent de debut sempre s\u2019ha situat al voltant del per\u00edode d\u2019inici de la pubertat, el cert \u00e9s que cada vegada es diagnostiquen m\u00e9s pacients per sota dels 5 anys. Aproximadament el 50% de casos nous diagnosticats cada any corresponen a pacients de 0 a 14 anys.<\/p>\n<p align=\"justify\">Us compartim algunes de les imatges de l\u2019activitat i enlla\u00e7os que poden ser del vostre inter\u00e8s.<\/p>\n<p align=\"justify\"><a href=\"https:\/\/www.acdiabetis.org\/?p=page\/html\/diabetis-avui-detall\/d_avui\/diabavui16.php\">Associaci\u00f3 Catalana de diabetis<\/a><\/p>\n<p align=\"justify\"><a href=\"https:\/\/adc.cat\/es\/\">Asociaci\u00f3n para la diabetes novo nordisk<\/a><\/p>\n","protected":false},"excerpt":{"rendered":"<p><a href=\"https:\/\/youtu.be\/oQi4ae_fwR4\"><\/a>A la Comunitat de Petits, a I4 hem presentat el tema de la diabetis. Amb els infants hem treballat a partir d\u2019un conte i de material did\u00e0ctics que ens expliquen aquesta malaltia.<br \/>\nLa diabetis \u00e9s una afecci\u00f3 que no permet que el p\u00e0ncrees produeixi una&hellip;  <a href=\"https:\/\/agora.xtec.cat\/escolalavilapalamos\/general\/descobrim-la-diabetis\/\" title=\"Read DESCOBRIM LA DIABETIS\">Llegeix m\u00e9s\u00bb<\/a><\/p>\n","protected":false},"author":128,"featured_media":13594,"comment_status":"open","ping_status":"closed","sticky":false,"template":"","format":"standard","meta":{"_bbp_topic_count":0,"_bbp_reply_count":0,"_bbp_total_topic_count":0,"_bbp_total_reply_count":0,"_bbp_voice_count":0,"_bbp_anonymous_reply_count":0,"_bbp_topic_count_hidden":0,"_bbp_reply_count_hidden":0,"_bbp_forum_subforum_count":0,"footnotes":""},"categories":[2,1,4],"tags":[],"class_list":["post-13592","post","type-post","status-publish","format-standard","has-post-thumbnail","hentry","category-infantil","category-general","category-portada"],"post_mailing_queue_ids":[],"_links":{"self":[{"href":"https:\/\/agora.xtec.cat\/escolalavilapalamos\/wp-json\/wp\/v2\/posts\/13592","targetHints":{"allow":["GET"]}}],"collection":[{"href":"https:\/\/agora.xtec.cat\/escolalavilapalamos\/wp-json\/wp\/v2\/posts"}],"about":[{"href":"https:\/\/agora.xtec.cat\/escolalavilapalamos\/wp-json\/wp\/v2\/types\/post"}],"author":[{"embeddable":true,"href":"https:\/\/agora.xtec.cat\/escolalavilapalamos\/wp-json\/wp\/v2\/users\/128"}],"replies":[{"embeddable":true,"href":"https:\/\/agora.xtec.cat\/escolalavilapalamos\/wp-json\/wp\/v2\/comments?post=13592"}],"version-history":[{"count":3,"href":"https:\/\/agora.xtec.cat\/escolalavilapalamos\/wp-json\/wp\/v2\/posts\/13592\/revisions"}],"predecessor-version":[{"id":13608,"href":"https:\/\/agora.xtec.cat\/escolalavilapalamos\/wp-json\/wp\/v2\/posts\/13592\/revisions\/13608"}],"wp:featuredmedia":[{"embeddable":true,"href":"https:\/\/agora.xtec.cat\/escolalavilapalamos\/wp-json\/wp\/v2\/media\/13594"}],"wp:attachment":[{"href":"https:\/\/agora.xtec.cat\/escolalavilapalamos\/wp-json\/wp\/v2\/media?parent=13592"}],"wp:term":[{"taxonomy":"category","embeddable":true,"href":"https:\/\/agora.xtec.cat\/escolalavilapalamos\/wp-json\/wp\/v2\/categories?post=13592"},{"taxonomy":"post_tag","embeddable":true,"href":"https:\/\/agora.xtec.cat\/escolalavilapalamos\/wp-json\/wp\/v2\/tags?post=13592"}],"curies":[{"name":"wp","href":"https:\/\/api.w.org\/{rel}","templated":true}]}}