{"id":13590,"date":"2023-05-30T08:00:11","date_gmt":"2023-05-30T06:00:11","guid":{"rendered":"https:\/\/agora.xtec.cat\/escolalavilapalamos\/?p=13590"},"modified":"2023-05-23T18:24:25","modified_gmt":"2023-05-23T16:24:25","slug":"fotos-de-grup-classe-a-lescola-5","status":"publish","type":"post","link":"https:\/\/agora.xtec.cat\/escolalavilapalamos\/general\/fotos-de-grup-classe-a-lescola-5\/","title":{"rendered":"Fotos de grup-classe a l&#8217;escola"},"content":{"rendered":"<p><strong><img loading=\"lazy\" decoding=\"async\" class=\"wp-image-1408 alignleft\" src=\"http:\/\/agora.xtec.cat\/escolalavilapalamos\/wp-content\/uploads\/usu897\/2017\/05\/266bc836e22f63f230f76904641ef0ca.jpg\" alt=\"266bc836e22f63f230f76904641ef0ca\" width=\"256\" height=\"256\" srcset=\"https:\/\/agora.xtec.cat\/escolalavilapalamos\/wp-content\/uploads\/usu897\/2017\/05\/266bc836e22f63f230f76904641ef0ca.jpg 515w, https:\/\/agora.xtec.cat\/escolalavilapalamos\/wp-content\/uploads\/usu897\/2017\/05\/266bc836e22f63f230f76904641ef0ca-150x150.jpg 150w, https:\/\/agora.xtec.cat\/escolalavilapalamos\/wp-content\/uploads\/usu897\/2017\/05\/266bc836e22f63f230f76904641ef0ca-300x300.jpg 300w\" sizes=\"auto, (max-width: 256px) 100vw, 256px\" \/><\/strong><\/p>\n<p><strong>Dijous 8<\/strong><strong>\u00a0de juny al mat\u00ed <\/strong>la fot\u00f2graf Olga Grassot vindr\u00e0 a l&#8217;escola per fer la foto de grup-classe del curs 2022-23.<\/p>\n<p>Els nens i nenes que aquest dia tenen educaci\u00f3 f\u00edsica no han de portar xandall, poden venir vestits sense xandall.<\/p>\n<p><em>La fot\u00f2graf ens informa que si hi ha algun\/a alumne\/a malalt i que no ve a l&#8217;escola aquest dia, tindr\u00e0 l\u2019opci\u00f3 de fer-se la foto un altre dia d&#8217;aquesta setmana.<br \/>\n<\/em><\/p>\n<p>Tindreu les fotos disponibles a la botiga <strong>Fotografia Grassot<\/strong>. Carrer Major, 11, 17230 Palam\u00f3s en horari de 10 a 13h i de 15h a 20h<\/p>\n<p>Aquesta \u00e9s una activitat organitzada per: <a href=\"https:\/\/agora.xtec.cat\/escolalavilapalamos\/wp-content\/uploads\/usu897\/2014\/10\/AMPA.jpg\"><img loading=\"lazy\" decoding=\"async\" class=\"size-full wp-image-1589 alignright\" src=\"https:\/\/agora.xtec.cat\/escolalavilapalamos\/wp-content\/uploads\/usu897\/2014\/10\/AMPA.jpg\" alt=\"\" width=\"107\" height=\"121\" \/><\/a><\/p>\n<p>&nbsp;<\/p>\n","protected":false},"excerpt":{"rendered":"<p>Dijous 8\u00a0de juny al mat\u00ed la fot\u00f2graf Olga Grassot vindr\u00e0 a l&#8217;escola per fer la foto de grup-classe del curs 2022-23.<br \/>\nEls nens i nenes que aquest dia tenen educaci\u00f3 f\u00edsica no han de portar xandall, poden venir vestits sense xandall.<br \/>\nLa fot\u00f2graf ens informa que si&hellip;  <a href=\"https:\/\/agora.xtec.cat\/escolalavilapalamos\/general\/fotos-de-grup-classe-a-lescola-5\/\" title=\"Read Fotos de grup-classe a l&#8217;escola\">Llegeix m\u00e9s\u00bb<\/a><\/p>\n","protected":false},"author":1,"featured_media":9680,"comment_status":"open","ping_status":"closed","sticky":false,"template":"","format":"standard","meta":{"_bbp_topic_count":0,"_bbp_reply_count":0,"_bbp_total_topic_count":0,"_bbp_total_reply_count":0,"_bbp_voice_count":0,"_bbp_anonymous_reply_count":0,"_bbp_topic_count_hidden":0,"_bbp_reply_count_hidden":0,"_bbp_forum_subforum_count":0,"footnotes":""},"categories":[1,4],"tags":[],"class_list":["post-13590","post","type-post","status-publish","format-standard","has-post-thumbnail","hentry","category-general","category-portada"],"post_mailing_queue_ids":[],"_links":{"self":[{"href":"https:\/\/agora.xtec.cat\/escolalavilapalamos\/wp-json\/wp\/v2\/posts\/13590","targetHints":{"allow":["GET"]}}],"collection":[{"href":"https:\/\/agora.xtec.cat\/escolalavilapalamos\/wp-json\/wp\/v2\/posts"}],"about":[{"href":"https:\/\/agora.xtec.cat\/escolalavilapalamos\/wp-json\/wp\/v2\/types\/post"}],"author":[{"embeddable":true,"href":"https:\/\/agora.xtec.cat\/escolalavilapalamos\/wp-json\/wp\/v2\/users\/1"}],"replies":[{"embeddable":true,"href":"https:\/\/agora.xtec.cat\/escolalavilapalamos\/wp-json\/wp\/v2\/comments?post=13590"}],"version-history":[{"count":2,"href":"https:\/\/agora.xtec.cat\/escolalavilapalamos\/wp-json\/wp\/v2\/posts\/13590\/revisions"}],"predecessor-version":[{"id":13596,"href":"https:\/\/agora.xtec.cat\/escolalavilapalamos\/wp-json\/wp\/v2\/posts\/13590\/revisions\/13596"}],"wp:featuredmedia":[{"embeddable":true,"href":"https:\/\/agora.xtec.cat\/escolalavilapalamos\/wp-json\/wp\/v2\/media\/9680"}],"wp:attachment":[{"href":"https:\/\/agora.xtec.cat\/escolalavilapalamos\/wp-json\/wp\/v2\/media?parent=13590"}],"wp:term":[{"taxonomy":"category","embeddable":true,"href":"https:\/\/agora.xtec.cat\/escolalavilapalamos\/wp-json\/wp\/v2\/categories?post=13590"},{"taxonomy":"post_tag","embeddable":true,"href":"https:\/\/agora.xtec.cat\/escolalavilapalamos\/wp-json\/wp\/v2\/tags?post=13590"}],"curies":[{"name":"wp","href":"https:\/\/api.w.org\/{rel}","templated":true}]}}