{"id":13569,"date":"2023-05-19T15:21:48","date_gmt":"2023-05-19T13:21:48","guid":{"rendered":"https:\/\/agora.xtec.cat\/escolalavilapalamos\/?p=13569"},"modified":"2023-05-19T15:21:48","modified_gmt":"2023-05-19T13:21:48","slug":"dali-a-3r","status":"publish","type":"post","link":"https:\/\/agora.xtec.cat\/escolalavilapalamos\/general\/dali-a-3r\/","title":{"rendered":"Dal\u00ed a 3r"},"content":{"rendered":"<p>Els alumnes de 3r hem treballat el surrealisme a trav\u00e9s de la m\u00e0 de Salvador Dal\u00ed. Els quadres que m\u00e9s ens han inspirat han sigut: Els elefants, La persist\u00e8ncia de la mem\u00f2ria i la Noia a la finestra. Ens hem apropat a la seva manera de percebre les coses tot creant obres d&#8217;art ben aut\u00e8ntiques. En el seg\u00fcent v\u00eddeo us expliquem el que hem apr\u00e8s.<\/p>\n<p>Us convidem a entrar a veure l&#8217;exposici\u00f3 que tenim penjada al passad\u00eds. Podeu venir dilluns, dimarts o dimecres vinent a les 16h.<\/p>\n<p><iframe loading=\"lazy\" src=\"\/\/www.youtube.com\/embed\/xK5Dg40N5co\" width=\"560\" height=\"314\" allowfullscreen=\"allowfullscreen\"><\/iframe><\/p>\n","protected":false},"excerpt":{"rendered":"<p>Els alumnes de 3r hem treballat el surrealisme a trav\u00e9s de la m\u00e0 de Salvador Dal\u00ed. Els quadres que m\u00e9s ens han inspirat han sigut: Els elefants, La persist\u00e8ncia de la mem\u00f2ria i la Noia a la finestra. Ens hem apropat a la seva manera&hellip;  <a href=\"https:\/\/agora.xtec.cat\/escolalavilapalamos\/general\/dali-a-3r\/\" title=\"Read Dal\u00ed a 3r\">Llegeix m\u00e9s\u00bb<\/a><\/p>\n","protected":false},"author":131,"featured_media":13576,"comment_status":"open","ping_status":"closed","sticky":false,"template":"","format":"standard","meta":{"_bbp_topic_count":0,"_bbp_reply_count":0,"_bbp_total_topic_count":0,"_bbp_total_reply_count":0,"_bbp_voice_count":0,"_bbp_anonymous_reply_count":0,"_bbp_topic_count_hidden":0,"_bbp_reply_count_hidden":0,"_bbp_forum_subforum_count":0,"footnotes":""},"categories":[127,1,4],"tags":[90,132,158,133],"class_list":["post-13569","post","type-post","status-publish","format-standard","has-post-thumbnail","hentry","category-comunitat-de-mitjans","category-general","category-portada","tag-3r","tag-art","tag-dali","tag-educacio-artistica"],"post_mailing_queue_ids":[],"_links":{"self":[{"href":"https:\/\/agora.xtec.cat\/escolalavilapalamos\/wp-json\/wp\/v2\/posts\/13569","targetHints":{"allow":["GET"]}}],"collection":[{"href":"https:\/\/agora.xtec.cat\/escolalavilapalamos\/wp-json\/wp\/v2\/posts"}],"about":[{"href":"https:\/\/agora.xtec.cat\/escolalavilapalamos\/wp-json\/wp\/v2\/types\/post"}],"author":[{"embeddable":true,"href":"https:\/\/agora.xtec.cat\/escolalavilapalamos\/wp-json\/wp\/v2\/users\/131"}],"replies":[{"embeddable":true,"href":"https:\/\/agora.xtec.cat\/escolalavilapalamos\/wp-json\/wp\/v2\/comments?post=13569"}],"version-history":[{"count":3,"href":"https:\/\/agora.xtec.cat\/escolalavilapalamos\/wp-json\/wp\/v2\/posts\/13569\/revisions"}],"predecessor-version":[{"id":13577,"href":"https:\/\/agora.xtec.cat\/escolalavilapalamos\/wp-json\/wp\/v2\/posts\/13569\/revisions\/13577"}],"wp:featuredmedia":[{"embeddable":true,"href":"https:\/\/agora.xtec.cat\/escolalavilapalamos\/wp-json\/wp\/v2\/media\/13576"}],"wp:attachment":[{"href":"https:\/\/agora.xtec.cat\/escolalavilapalamos\/wp-json\/wp\/v2\/media?parent=13569"}],"wp:term":[{"taxonomy":"category","embeddable":true,"href":"https:\/\/agora.xtec.cat\/escolalavilapalamos\/wp-json\/wp\/v2\/categories?post=13569"},{"taxonomy":"post_tag","embeddable":true,"href":"https:\/\/agora.xtec.cat\/escolalavilapalamos\/wp-json\/wp\/v2\/tags?post=13569"}],"curies":[{"name":"wp","href":"https:\/\/api.w.org\/{rel}","templated":true}]}}