{"id":13560,"date":"2023-05-19T15:50:11","date_gmt":"2023-05-19T13:50:11","guid":{"rendered":"https:\/\/agora.xtec.cat\/escolalavilapalamos\/?p=13560"},"modified":"2023-05-19T15:50:11","modified_gmt":"2023-05-19T13:50:11","slug":"la-participacio-dels-infants-en-lavaluacio","status":"publish","type":"post","link":"https:\/\/agora.xtec.cat\/escolalavilapalamos\/general\/la-participacio-dels-infants-en-lavaluacio\/","title":{"rendered":"La participaci\u00f3 dels infants en l&#8217;avaluaci\u00f3"},"content":{"rendered":"<p><span style=\"font-weight: 400;\">Els infants han de tenir un paper actiu en el seu proc\u00e9s d\u2019aprenentatge, ser protagonistes, prendre consci\u00e8ncia i adonar-se del que sap, el que va aprenent, qu\u00e8 li interessa, dels camins que pot seguir per esbrinar, indagar, con\u00e8ixer\u2026 D\u2019aquesta manera aprendr\u00e0 a trav\u00e9s dels encerts, els errors i dels oblits, detectar\u00e0 i podr\u00e0 regular les seves dificultats i <\/span><span style=\"font-weight: 400;\">trobar els ajuts necessaris per superar-les. Els adults, amb l\u2019acompanyament, la conversa, l\u2019observaci\u00f3 del seu desenvolupament i dels seus interessos, anem dotant a l\u2019infant d\u2019eines\u00a0 perqu\u00e8 es pugui autoregular i ser m\u00e9s aut\u00f2nom.<\/span><\/p>\n<p><span style=\"font-weight: 400;\">A l\u2019aula, treballem amb les <\/span><b>converses<\/b><span style=\"font-weight: 400;\"> (<\/span><i><span style=\"font-weight: 400;\">on compartim impressions, opinions i valoracions<\/span><\/i><span style=\"font-weight: 400;\"> )<\/span><span style=\"font-weight: 400;\">, les <\/span><b>bases d\u2019orientaci\u00f3<\/b><span style=\"font-weight: 400;\"> (<\/span><i><span style=\"font-weight: 400;\">instrument que resumeix de manera gr\u00e0fica i ordenada les accions a realitzar a l\u2019hora de fer una tasca-proposta que hem pactat entre tots<\/span><\/i><span style=\"font-weight: 400;\">), les <\/span><b>r\u00fabriques<\/b><span style=\"font-weight: 400;\"> (<\/span><i><span style=\"font-weight: 400;\">\u00e9s una eina que descriu els possibles nivells de realitzaci\u00f3 d\u2019una o m\u00e9s tasques i que ajuda als infants a situar-se i con\u00e8ixer en quin punt es troben durant el proc\u00e9s d\u2019aprenentatge<\/span><\/i><i><span style=\"font-weight: 400;\">) i <\/span><\/i><b>l&#8217;observaci\u00f3 i l\u2019escolta. <\/b><span style=\"font-weight: 400;\">Totes elles s\u00f3n eines que permeten a l\u2019infant<\/span><b> autoavaluar-se\u00a0 <\/b><i><span style=\"font-weight: 400;\">( ser coneixedors\u00a0 de la percepci\u00f3 d\u2019un mateix,\u00a0 reflexionar i fer la seva pr\u00f2pia cr\u00edtica per arribar a la seva pr\u00f2pia autoregulaci\u00f3, i aix\u00ed\u00a0 ser conscients de quin \u00e9s el proper pas a seguir).<\/span><\/i><\/p>\n\r\n\t<div class=\"slideshow_container slideshow_container_style-light\" style=\"height: 300px; \" data-slideshow-id=\"13578\" data-style-name=\"style-light\" data-style-version=\"2.3.1\" >\r\n\r\n\t\t\t\t\t<div class=\"slideshow_loading_icon\"><\/div>\r\n\t\t\r\n\t\t<div class=\"slideshow_content\" style=\"display: none;\">\r\n\r\n\t\t\t<div class=\"slideshow_view\">\r\n\t\t\t\t<div class=\"slideshow_slide slideshow_slide_image\">\r\n\t\t\t\t\t\t\t\t\t\t\t<img src=\"https:\/\/agora.xtec.cat\/escolalavilapalamos\/wp-content\/uploads\/usu897\/2023\/05\/IMG-2228-1.jpg\" alt=\"IMG-2228 (1)\" width=\"1482\" height=\"1976\" \/>\r\n\t\t\t\t\t\t\t\t\t\t<div class=\"slideshow_description_box slideshow_transparent\">\r\n\t\t\t\t\t\t<div class=\"slideshow_title\">IMG-2228 (1)<\/div>\t\t\t\t\t\t\t\t\t\t\t<\/div>\r\n\t\t\t\t<\/div>\r\n\r\n\t\t\t\t\t\t<div style=\"clear: both;\"><\/div><\/div><div class=\"slideshow_view\">\r\n\t\t\t\t<div class=\"slideshow_slide slideshow_slide_image\">\r\n\t\t\t\t\t\t\t\t\t\t\t<img src=\"https:\/\/agora.xtec.cat\/escolalavilapalamos\/wp-content\/uploads\/usu897\/2023\/05\/BASE-ORIENTACIO_-EL-COS-autoavaluacio-1.jpg\" alt=\"BASE ORIENTACI\u00d3_ EL COS autoavaluaci\u00f3 (1)\" width=\"1935\" height=\"1452\" \/>\r\n\t\t\t\t\t\t\t\t\t\t<div class=\"slideshow_description_box slideshow_transparent\">\r\n\t\t\t\t\t\t<div class=\"slideshow_title\">BASE ORIENTACI\u00d3_ EL COS autoavaluaci\u00f3 (1)<\/div>\t\t\t\t\t\t\t\t\t\t\t<\/div>\r\n\t\t\t\t<\/div>\r\n\r\n\t\t\t\t\t\t<div style=\"clear: both;\"><\/div><\/div><div class=\"slideshow_view\">\r\n\t\t\t\t<div class=\"slideshow_slide slideshow_slide_image\">\r\n\t\t\t\t\t\t\t\t\t\t\t<img src=\"https:\/\/agora.xtec.cat\/escolalavilapalamos\/wp-content\/uploads\/usu897\/2023\/05\/WhatsApp-Image-2023-05-16-at-11.11.53-2.jpeg\" alt=\"WhatsApp Image 2023-05-16 at 11.11.53 (2)\" width=\"1537\" height=\"2048\" \/>\r\n\t\t\t\t\t\t\t\t\t\t<div class=\"slideshow_description_box slideshow_transparent\">\r\n\t\t\t\t\t\t<div class=\"slideshow_title\">WhatsApp Image 2023-05-16 at 11.11.53 (2)<\/div>\t\t\t\t\t\t\t\t\t\t\t<\/div>\r\n\t\t\t\t<\/div>\r\n\r\n\t\t\t\t\t\t<div style=\"clear: both;\"><\/div><\/div><div class=\"slideshow_view\">\r\n\t\t\t\t<div class=\"slideshow_slide slideshow_slide_image\">\r\n\t\t\t\t\t\t\t\t\t\t\t<img src=\"https:\/\/agora.xtec.cat\/escolalavilapalamos\/wp-content\/uploads\/usu897\/2023\/05\/IMG-20230425-WA0009.jpg\" alt=\"IMG-20230425-WA0009\" width=\"2000\" height=\"1500\" \/>\r\n\t\t\t\t\t\t\t\t\t\t<div class=\"slideshow_description_box slideshow_transparent\">\r\n\t\t\t\t\t\t<div class=\"slideshow_title\">IMG-20230425-WA0009<\/div>\t\t\t\t\t\t\t\t\t\t\t<\/div>\r\n\t\t\t\t<\/div>\r\n\r\n\t\t\t\t\t\t<div style=\"clear: both;\"><\/div><\/div><div class=\"slideshow_view\">\r\n\t\t\t\t<div class=\"slideshow_slide slideshow_slide_image\">\r\n\t\t\t\t\t\t\t\t\t\t\t<img src=\"https:\/\/agora.xtec.cat\/escolalavilapalamos\/wp-content\/uploads\/usu897\/2023\/05\/20220526_100642-scaled.jpg\" alt=\"20220526_100642\" width=\"2560\" height=\"1920\" \/>\r\n\t\t\t\t\t\t\t\t\t\t<div class=\"slideshow_description_box slideshow_transparent\">\r\n\t\t\t\t\t\t<div class=\"slideshow_title\">20220526_100642<\/div>\t\t\t\t\t\t\t\t\t\t\t<\/div>\r\n\t\t\t\t<\/div>\r\n\r\n\t\t\t\t\t\t<div style=\"clear: both;\"><\/div><\/div><div class=\"slideshow_view\">\r\n\t\t\t\t<div class=\"slideshow_slide slideshow_slide_image\">\r\n\t\t\t\t\t\t\t\t\t\t\t<img src=\"https:\/\/agora.xtec.cat\/escolalavilapalamos\/wp-content\/uploads\/usu897\/2023\/05\/20220209_152449-scaled.jpg\" alt=\"20220209_152449\" width=\"2560\" height=\"1920\" \/>\r\n\t\t\t\t\t\t\t\t\t\t<div class=\"slideshow_description_box slideshow_transparent\">\r\n\t\t\t\t\t\t<div class=\"slideshow_title\">20220209_152449<\/div>\t\t\t\t\t\t\t\t\t\t\t<\/div>\r\n\t\t\t\t<\/div>\r\n\r\n\t\t\t\t\t\t<div style=\"clear: both;\"><\/div><\/div><div class=\"slideshow_view\">\r\n\t\t\t\t<div class=\"slideshow_slide slideshow_slide_image\">\r\n\t\t\t\t\t\t\t\t\t\t\t<img src=\"https:\/\/agora.xtec.cat\/escolalavilapalamos\/wp-content\/uploads\/usu897\/2023\/05\/20220523_094838-scaled.jpg\" alt=\"20220523_094838\" width=\"1920\" height=\"2560\" \/>\r\n\t\t\t\t\t\t\t\t\t\t<div class=\"slideshow_description_box slideshow_transparent\">\r\n\t\t\t\t\t\t<div class=\"slideshow_title\">20220523_094838<\/div>\t\t\t\t\t\t\t\t\t\t\t<\/div>\r\n\t\t\t\t<\/div>\r\n\r\n\t\t\t\t\t\t<div style=\"clear: both;\"><\/div><\/div><div class=\"slideshow_view\">\r\n\t\t\t\t<div class=\"slideshow_slide slideshow_slide_image\">\r\n\t\t\t\t\t\t\t\t\t\t\t<img src=\"https:\/\/agora.xtec.cat\/escolalavilapalamos\/wp-content\/uploads\/usu897\/2023\/05\/20220218_093101-scaled.jpg\" alt=\"20220218_093101\" width=\"2560\" height=\"1920\" \/>\r\n\t\t\t\t\t\t\t\t\t\t<div class=\"slideshow_description_box slideshow_transparent\">\r\n\t\t\t\t\t\t<div class=\"slideshow_title\">20220218_093101<\/div>\t\t\t\t\t\t\t\t\t\t\t<\/div>\r\n\t\t\t\t<\/div>\r\n\r\n\t\t\t\t\t\t<div style=\"clear: both;\"><\/div><\/div><div class=\"slideshow_view\">\r\n\t\t\t\t<div class=\"slideshow_slide slideshow_slide_image\">\r\n\t\t\t\t\t\t\t\t\t\t\t<img src=\"https:\/\/agora.xtec.cat\/escolalavilapalamos\/wp-content\/uploads\/usu897\/2023\/05\/WhatsApp-Image-2023-05-16-at-11.11.53-1.jpeg\" alt=\"WhatsApp Image 2023-05-16 at 11.11.53 (1)\" width=\"2048\" height=\"1537\" \/>\r\n\t\t\t\t\t\t\t\t\t\t<div class=\"slideshow_description_box slideshow_transparent\">\r\n\t\t\t\t\t\t<div class=\"slideshow_title\">WhatsApp Image 2023-05-16 at 11.11.53 (1)<\/div>\t\t\t\t\t\t\t\t\t\t\t<\/div>\r\n\t\t\t\t<\/div>\r\n\r\n\t\t\t\t\t\t<div style=\"clear: both;\"><\/div><\/div>\r\n\t\t<\/div>\r\n\r\n\t\t<div class=\"slideshow_controlPanel slideshow_transparent\" style=\"display: none;\"><ul><li class=\"slideshow_togglePlay\" data-play-text=\"Visualitza\" data-pause-text=\"Pausa\"><\/li><\/ul><\/div>\r\n\r\n\t\t<div class=\"slideshow_button slideshow_previous slideshow_transparent\" role=\"button\" data-previous-text=\"Anterior\" style=\"display: none;\"><\/div>\r\n\t\t<div class=\"slideshow_button slideshow_next slideshow_transparent\" role=\"button\" data-next-text=\"Seg\u00fcent\" style=\"display: none;\"><\/div>\r\n\r\n\t\t<div class=\"slideshow_pagination\" style=\"display: none;\" data-go-to-text=\"V\u00e9s a la diapositiva\"><div class=\"slideshow_pagination_center\"><\/div><\/div>\r\n\r\n\t\t<!-- WordPress Slideshow Version 2.3.1 -->\r\n\r\n\t\t\t<\/div>\r\n\r\n\n","protected":false},"excerpt":{"rendered":"<p>Els infants han de tenir un paper actiu en el seu proc\u00e9s d\u2019aprenentatge, ser protagonistes, prendre consci\u00e8ncia i adonar-se del que sap, el que va aprenent, qu\u00e8 li interessa, dels camins que pot seguir per esbrinar, indagar, con\u00e8ixer\u2026 D\u2019aquesta manera aprendr\u00e0 a trav\u00e9s dels encerts,&hellip;  <a href=\"https:\/\/agora.xtec.cat\/escolalavilapalamos\/general\/la-participacio-dels-infants-en-lavaluacio\/\" title=\"Read La participaci\u00f3 dels infants en l&#8217;avaluaci\u00f3\">Llegeix m\u00e9s\u00bb<\/a><\/p>\n","protected":false},"author":128,"featured_media":13586,"comment_status":"open","ping_status":"closed","sticky":false,"template":"","format":"standard","meta":{"_bbp_topic_count":0,"_bbp_reply_count":0,"_bbp_total_topic_count":0,"_bbp_total_reply_count":0,"_bbp_voice_count":0,"_bbp_anonymous_reply_count":0,"_bbp_topic_count_hidden":0,"_bbp_reply_count_hidden":0,"_bbp_forum_subforum_count":0,"footnotes":""},"categories":[2,1,4],"tags":[],"class_list":["post-13560","post","type-post","status-publish","format-standard","has-post-thumbnail","hentry","category-infantil","category-general","category-portada"],"post_mailing_queue_ids":[],"_links":{"self":[{"href":"https:\/\/agora.xtec.cat\/escolalavilapalamos\/wp-json\/wp\/v2\/posts\/13560","targetHints":{"allow":["GET"]}}],"collection":[{"href":"https:\/\/agora.xtec.cat\/escolalavilapalamos\/wp-json\/wp\/v2\/posts"}],"about":[{"href":"https:\/\/agora.xtec.cat\/escolalavilapalamos\/wp-json\/wp\/v2\/types\/post"}],"author":[{"embeddable":true,"href":"https:\/\/agora.xtec.cat\/escolalavilapalamos\/wp-json\/wp\/v2\/users\/128"}],"replies":[{"embeddable":true,"href":"https:\/\/agora.xtec.cat\/escolalavilapalamos\/wp-json\/wp\/v2\/comments?post=13560"}],"version-history":[{"count":2,"href":"https:\/\/agora.xtec.cat\/escolalavilapalamos\/wp-json\/wp\/v2\/posts\/13560\/revisions"}],"predecessor-version":[{"id":13589,"href":"https:\/\/agora.xtec.cat\/escolalavilapalamos\/wp-json\/wp\/v2\/posts\/13560\/revisions\/13589"}],"wp:featuredmedia":[{"embeddable":true,"href":"https:\/\/agora.xtec.cat\/escolalavilapalamos\/wp-json\/wp\/v2\/media\/13586"}],"wp:attachment":[{"href":"https:\/\/agora.xtec.cat\/escolalavilapalamos\/wp-json\/wp\/v2\/media?parent=13560"}],"wp:term":[{"taxonomy":"category","embeddable":true,"href":"https:\/\/agora.xtec.cat\/escolalavilapalamos\/wp-json\/wp\/v2\/categories?post=13560"},{"taxonomy":"post_tag","embeddable":true,"href":"https:\/\/agora.xtec.cat\/escolalavilapalamos\/wp-json\/wp\/v2\/tags?post=13560"}],"curies":[{"name":"wp","href":"https:\/\/api.w.org\/{rel}","templated":true}]}}