{"id":13557,"date":"2023-05-11T08:00:21","date_gmt":"2023-05-11T06:00:21","guid":{"rendered":"https:\/\/agora.xtec.cat\/escolalavilapalamos\/?p=13557"},"modified":"2023-05-15T15:38:30","modified_gmt":"2023-05-15T13:38:30","slug":"publicacio-de-les-llistes-ordenades-2","status":"publish","type":"post","link":"https:\/\/agora.xtec.cat\/escolalavilapalamos\/general\/publicacio-de-les-llistes-ordenades-2\/","title":{"rendered":"Publicaci\u00f3 de les llistes ordenades"},"content":{"rendered":"<p class=\"has-text-align-justify\"><img loading=\"lazy\" decoding=\"async\" class=\"alignright wp-image-13219 \" src=\"https:\/\/agora.xtec.cat\/escolalavilapalamos\/wp-content\/uploads\/usu897\/2023\/03\/PREINSCRIPCIO.png\" alt=\"\" width=\"395\" height=\"280\" srcset=\"https:\/\/agora.xtec.cat\/escolalavilapalamos\/wp-content\/uploads\/usu897\/2023\/03\/PREINSCRIPCIO.png 873w, https:\/\/agora.xtec.cat\/escolalavilapalamos\/wp-content\/uploads\/usu897\/2023\/03\/PREINSCRIPCIO-300x213.png 300w, https:\/\/agora.xtec.cat\/escolalavilapalamos\/wp-content\/uploads\/usu897\/2023\/03\/PREINSCRIPCIO-768x545.png 768w\" sizes=\"auto, (max-width: 395px) 100vw, 395px\" \/>Us enllacem <strong>la llista ordenada de preinscripci\u00f3 del curs 2023-24<\/strong> segons el barem i despr\u00e9s del sorteig p\u00fablic. El dimarts 9 de maig es va fer el sorteig de desempat i va sortir el n\u00famero 66.646.<\/p>\n<p class=\"has-text-align-justify\"><a href=\"https:\/\/drive.google.com\/file\/d\/1JvAV3kuMEYVCHJ9uK7tzqP_I8AMSV7hv\/view?usp=sharing\"><span class=\"has-inline-color has-vivid-cyan-blue-color\"><strong>Acc\u00e9s al llistat<\/strong><\/span><\/a><\/p>\n<p>Propers passos a tenir present per la preinscripci\u00f3: <strong>Publicaci\u00f3 de les llistes d&#8217;assignaci\u00f3 i llistes d&#8217;espera el 12 de juny.<\/strong><\/p>\n","protected":false},"excerpt":{"rendered":"<p>Us enllacem la llista ordenada de preinscripci\u00f3 del curs 2023-24 segons el barem i despr\u00e9s del sorteig p\u00fablic. El dimarts 9 de maig es va fer el sorteig de desempat i va sortir el n\u00famero 66.646.<br \/>\n<a href=\"https:\/\/drive.google.com\/file\/d\/1JvAV3kuMEYVCHJ9uK7tzqP_I8AMSV7hv\/view?usp=sharing\">Acc\u00e9s al llistat<\/a><br \/>\nPropers passos a tenir present per la&hellip;  <a href=\"https:\/\/agora.xtec.cat\/escolalavilapalamos\/general\/publicacio-de-les-llistes-ordenades-2\/\" title=\"Read Publicaci\u00f3 de les llistes ordenades\">Llegeix m\u00e9s\u00bb<\/a><\/p>\n","protected":false},"author":1,"featured_media":13219,"comment_status":"open","ping_status":"closed","sticky":false,"template":"","format":"standard","meta":{"_bbp_topic_count":0,"_bbp_reply_count":0,"_bbp_total_topic_count":0,"_bbp_total_reply_count":0,"_bbp_voice_count":0,"_bbp_anonymous_reply_count":0,"_bbp_topic_count_hidden":0,"_bbp_reply_count_hidden":0,"_bbp_forum_subforum_count":0,"footnotes":""},"categories":[1,4],"tags":[],"class_list":["post-13557","post","type-post","status-publish","format-standard","has-post-thumbnail","hentry","category-general","category-portada"],"post_mailing_queue_ids":[],"_links":{"self":[{"href":"https:\/\/agora.xtec.cat\/escolalavilapalamos\/wp-json\/wp\/v2\/posts\/13557","targetHints":{"allow":["GET"]}}],"collection":[{"href":"https:\/\/agora.xtec.cat\/escolalavilapalamos\/wp-json\/wp\/v2\/posts"}],"about":[{"href":"https:\/\/agora.xtec.cat\/escolalavilapalamos\/wp-json\/wp\/v2\/types\/post"}],"author":[{"embeddable":true,"href":"https:\/\/agora.xtec.cat\/escolalavilapalamos\/wp-json\/wp\/v2\/users\/1"}],"replies":[{"embeddable":true,"href":"https:\/\/agora.xtec.cat\/escolalavilapalamos\/wp-json\/wp\/v2\/comments?post=13557"}],"version-history":[{"count":2,"href":"https:\/\/agora.xtec.cat\/escolalavilapalamos\/wp-json\/wp\/v2\/posts\/13557\/revisions"}],"predecessor-version":[{"id":13559,"href":"https:\/\/agora.xtec.cat\/escolalavilapalamos\/wp-json\/wp\/v2\/posts\/13557\/revisions\/13559"}],"wp:featuredmedia":[{"embeddable":true,"href":"https:\/\/agora.xtec.cat\/escolalavilapalamos\/wp-json\/wp\/v2\/media\/13219"}],"wp:attachment":[{"href":"https:\/\/agora.xtec.cat\/escolalavilapalamos\/wp-json\/wp\/v2\/media?parent=13557"}],"wp:term":[{"taxonomy":"category","embeddable":true,"href":"https:\/\/agora.xtec.cat\/escolalavilapalamos\/wp-json\/wp\/v2\/categories?post=13557"},{"taxonomy":"post_tag","embeddable":true,"href":"https:\/\/agora.xtec.cat\/escolalavilapalamos\/wp-json\/wp\/v2\/tags?post=13557"}],"curies":[{"name":"wp","href":"https:\/\/api.w.org\/{rel}","templated":true}]}}