{"id":13550,"date":"2023-05-12T10:12:04","date_gmt":"2023-05-12T08:12:04","guid":{"rendered":"https:\/\/agora.xtec.cat\/escolalavilapalamos\/?p=13550"},"modified":"2023-05-15T10:17:33","modified_gmt":"2023-05-15T08:17:33","slug":"turistic-challenge","status":"publish","type":"post","link":"https:\/\/agora.xtec.cat\/escolalavilapalamos\/general\/turistic-challenge\/","title":{"rendered":"TUR\u00cdSTIC CHALLENGE"},"content":{"rendered":"<p><img loading=\"lazy\" decoding=\"async\" class=\"wp-image-13551 alignright\" src=\"https:\/\/agora.xtec.cat\/escolalavilapalamos\/wp-content\/uploads\/usu897\/2023\/05\/IMG_2570-scaled.jpg\" alt=\"\" width=\"455\" height=\"341\" srcset=\"https:\/\/agora.xtec.cat\/escolalavilapalamos\/wp-content\/uploads\/usu897\/2023\/05\/IMG_2570-scaled.jpg 2560w, https:\/\/agora.xtec.cat\/escolalavilapalamos\/wp-content\/uploads\/usu897\/2023\/05\/IMG_2570-300x225.jpg 300w, https:\/\/agora.xtec.cat\/escolalavilapalamos\/wp-content\/uploads\/usu897\/2023\/05\/IMG_2570-1024x768.jpg 1024w, https:\/\/agora.xtec.cat\/escolalavilapalamos\/wp-content\/uploads\/usu897\/2023\/05\/IMG_2570-768x576.jpg 768w, https:\/\/agora.xtec.cat\/escolalavilapalamos\/wp-content\/uploads\/usu897\/2023\/05\/IMG_2570-1536x1152.jpg 1536w, https:\/\/agora.xtec.cat\/escolalavilapalamos\/wp-content\/uploads\/usu897\/2023\/05\/IMG_2570-2048x1536.jpg 2048w, https:\/\/agora.xtec.cat\/escolalavilapalamos\/wp-content\/uploads\/usu897\/2023\/05\/IMG_2570-200x150.jpg 200w\" sizes=\"auto, (max-width: 455px) 100vw, 455px\" \/>Els nois i noies de 5\u00e8 han participat en el projecte d&#8217;innovaci\u00f3 i turisme del<strong> Tur\u00edstic Challenge<\/strong> enguany centrat en el espai del Mol\u00ed de Vent, el repte ha estat repensar l&#8217;espai per promoure el seu \u00fas tant per la gent del municipi com pels turistes que ens visiten.<\/p>\n<p>El 13 de juny a la Gorga es far\u00e0 cloenda del projecte amb totes les escoles que hem format part de la proposta, <a href=\"https:\/\/photos.app.goo.gl\/4ov641wjQkctTpi56\">aqu\u00ed<\/a> podeu veure les fotos i els v\u00eddeos que participen en representaci\u00f3 dels alumnes de 5\u00e8 de La Vila.<\/p>\n","protected":false},"excerpt":{"rendered":"<p>Els nois i noies de 5\u00e8 han participat en el projecte d&#8217;innovaci\u00f3 i turisme del Tur\u00edstic Challenge enguany centrat en el espai del Mol\u00ed de Vent, el repte ha estat repensar l&#8217;espai per promoure el seu \u00fas tant per la gent del municipi com pels&hellip;  <a href=\"https:\/\/agora.xtec.cat\/escolalavilapalamos\/general\/turistic-challenge\/\" title=\"Read TUR\u00cdSTIC CHALLENGE\">Llegeix m\u00e9s\u00bb<\/a><\/p>\n","protected":false},"author":132,"featured_media":13551,"comment_status":"open","ping_status":"closed","sticky":false,"template":"","format":"standard","meta":{"_bbp_topic_count":0,"_bbp_reply_count":0,"_bbp_total_topic_count":0,"_bbp_total_reply_count":0,"_bbp_voice_count":0,"_bbp_anonymous_reply_count":0,"_bbp_topic_count_hidden":0,"_bbp_reply_count_hidden":0,"_bbp_forum_subforum_count":0,"footnotes":""},"categories":[128,1,4],"tags":[],"class_list":["post-13550","post","type-post","status-publish","format-standard","has-post-thumbnail","hentry","category-comunitat-de-grans","category-general","category-portada"],"post_mailing_queue_ids":[],"_links":{"self":[{"href":"https:\/\/agora.xtec.cat\/escolalavilapalamos\/wp-json\/wp\/v2\/posts\/13550","targetHints":{"allow":["GET"]}}],"collection":[{"href":"https:\/\/agora.xtec.cat\/escolalavilapalamos\/wp-json\/wp\/v2\/posts"}],"about":[{"href":"https:\/\/agora.xtec.cat\/escolalavilapalamos\/wp-json\/wp\/v2\/types\/post"}],"author":[{"embeddable":true,"href":"https:\/\/agora.xtec.cat\/escolalavilapalamos\/wp-json\/wp\/v2\/users\/132"}],"replies":[{"embeddable":true,"href":"https:\/\/agora.xtec.cat\/escolalavilapalamos\/wp-json\/wp\/v2\/comments?post=13550"}],"version-history":[{"count":2,"href":"https:\/\/agora.xtec.cat\/escolalavilapalamos\/wp-json\/wp\/v2\/posts\/13550\/revisions"}],"predecessor-version":[{"id":13554,"href":"https:\/\/agora.xtec.cat\/escolalavilapalamos\/wp-json\/wp\/v2\/posts\/13550\/revisions\/13554"}],"wp:featuredmedia":[{"embeddable":true,"href":"https:\/\/agora.xtec.cat\/escolalavilapalamos\/wp-json\/wp\/v2\/media\/13551"}],"wp:attachment":[{"href":"https:\/\/agora.xtec.cat\/escolalavilapalamos\/wp-json\/wp\/v2\/media?parent=13550"}],"wp:term":[{"taxonomy":"category","embeddable":true,"href":"https:\/\/agora.xtec.cat\/escolalavilapalamos\/wp-json\/wp\/v2\/categories?post=13550"},{"taxonomy":"post_tag","embeddable":true,"href":"https:\/\/agora.xtec.cat\/escolalavilapalamos\/wp-json\/wp\/v2\/tags?post=13550"}],"curies":[{"name":"wp","href":"https:\/\/api.w.org\/{rel}","templated":true}]}}