{"id":13540,"date":"2023-05-09T10:29:37","date_gmt":"2023-05-09T08:29:37","guid":{"rendered":"https:\/\/agora.xtec.cat\/escolalavilapalamos\/?p=13540"},"modified":"2023-05-15T10:30:07","modified_gmt":"2023-05-15T08:30:07","slug":"petits-i-la-vaca-que-canta","status":"publish","type":"post","link":"https:\/\/agora.xtec.cat\/escolalavilapalamos\/general\/petits-i-la-vaca-que-canta\/","title":{"rendered":"PETITS I LA VACA QUE CANTA"},"content":{"rendered":"<p style=\"text-align: justify;\">Aquesta setmana, tota la Comunitat de Petits hem anat al teatre La Gorga a veure l&#8217;obra &#8220;La vaca que canta (va d&#8217;\u00f2pera)&#8221;.<\/p>\n<p style=\"text-align: justify;\">En aquest espectacle, a trav\u00e9s de les aventures que viu la vaca Sofia, hem conegut un nou g\u00e8nere musical anomenat \u00f2pera. A m\u00e9s a m\u00e9s, ens hem adonat que, per aconseguir un somni, cal esfor\u00e7ar-se molt i implicar-se emocionalment.<\/p>\n<p style=\"text-align: justify;\">Ens ha agradat molt i ens ho hem passat d&#8217;all\u00f2 m\u00e9s b\u00e9 participant i ajudant a la vaca Sofia a aconseguir el seu somni!<\/p>\n<p style=\"text-align: justify;\"><a href=\"https:\/\/pocacosateatre.com\/shows\/la-vaca-que-canta\/\"><img loading=\"lazy\" decoding=\"async\" class=\"aligncenter wp-image-13541\" src=\"https:\/\/agora.xtec.cat\/escolalavilapalamos\/wp-content\/uploads\/usu897\/2023\/05\/vaca_piano.jpg\" alt=\"\" width=\"519\" height=\"346\" srcset=\"https:\/\/agora.xtec.cat\/escolalavilapalamos\/wp-content\/uploads\/usu897\/2023\/05\/vaca_piano.jpg 709w, https:\/\/agora.xtec.cat\/escolalavilapalamos\/wp-content\/uploads\/usu897\/2023\/05\/vaca_piano-300x200.jpg 300w\" sizes=\"auto, (max-width: 519px) 100vw, 519px\" \/><\/a><\/p>\n<p style=\"text-align: center;\"><em>*Si feu clic a la imatge anireu al web de la companyia &#8220;Poca Cosa teatre&#8221; i trobareu m\u00e9s informaci\u00f3 sobre l&#8217;espectacle.<\/em><\/p>\n","protected":false},"excerpt":{"rendered":"<p>Aquesta setmana, tota la Comunitat de Petits hem anat al teatre La Gorga a veure l&#8217;obra &#8220;La vaca que canta (va d&#8217;\u00f2pera)&#8221;.<br \/>\nEn aquest espectacle, a trav\u00e9s de les aventures que viu la vaca Sofia, hem conegut un nou g\u00e8nere musical anomenat \u00f2pera. A m\u00e9s a&hellip;  <a href=\"https:\/\/agora.xtec.cat\/escolalavilapalamos\/general\/petits-i-la-vaca-que-canta\/\" title=\"Read PETITS I LA VACA QUE CANTA\">Llegeix m\u00e9s\u00bb<\/a><\/p>\n","protected":false},"author":128,"featured_media":13547,"comment_status":"open","ping_status":"closed","sticky":false,"template":"","format":"standard","meta":{"_bbp_topic_count":0,"_bbp_reply_count":0,"_bbp_total_topic_count":0,"_bbp_total_reply_count":0,"_bbp_voice_count":0,"_bbp_anonymous_reply_count":0,"_bbp_topic_count_hidden":0,"_bbp_reply_count_hidden":0,"_bbp_forum_subforum_count":0,"footnotes":""},"categories":[2,1,4],"tags":[],"class_list":["post-13540","post","type-post","status-publish","format-standard","has-post-thumbnail","hentry","category-infantil","category-general","category-portada"],"post_mailing_queue_ids":[],"_links":{"self":[{"href":"https:\/\/agora.xtec.cat\/escolalavilapalamos\/wp-json\/wp\/v2\/posts\/13540","targetHints":{"allow":["GET"]}}],"collection":[{"href":"https:\/\/agora.xtec.cat\/escolalavilapalamos\/wp-json\/wp\/v2\/posts"}],"about":[{"href":"https:\/\/agora.xtec.cat\/escolalavilapalamos\/wp-json\/wp\/v2\/types\/post"}],"author":[{"embeddable":true,"href":"https:\/\/agora.xtec.cat\/escolalavilapalamos\/wp-json\/wp\/v2\/users\/128"}],"replies":[{"embeddable":true,"href":"https:\/\/agora.xtec.cat\/escolalavilapalamos\/wp-json\/wp\/v2\/comments?post=13540"}],"version-history":[{"count":3,"href":"https:\/\/agora.xtec.cat\/escolalavilapalamos\/wp-json\/wp\/v2\/posts\/13540\/revisions"}],"predecessor-version":[{"id":13556,"href":"https:\/\/agora.xtec.cat\/escolalavilapalamos\/wp-json\/wp\/v2\/posts\/13540\/revisions\/13556"}],"wp:featuredmedia":[{"embeddable":true,"href":"https:\/\/agora.xtec.cat\/escolalavilapalamos\/wp-json\/wp\/v2\/media\/13547"}],"wp:attachment":[{"href":"https:\/\/agora.xtec.cat\/escolalavilapalamos\/wp-json\/wp\/v2\/media?parent=13540"}],"wp:term":[{"taxonomy":"category","embeddable":true,"href":"https:\/\/agora.xtec.cat\/escolalavilapalamos\/wp-json\/wp\/v2\/categories?post=13540"},{"taxonomy":"post_tag","embeddable":true,"href":"https:\/\/agora.xtec.cat\/escolalavilapalamos\/wp-json\/wp\/v2\/tags?post=13540"}],"curies":[{"name":"wp","href":"https:\/\/api.w.org\/{rel}","templated":true}]}}