{"id":13531,"date":"2023-05-22T08:00:40","date_gmt":"2023-05-22T06:00:40","guid":{"rendered":"https:\/\/agora.xtec.cat\/escolalavilapalamos\/?p=13531"},"modified":"2023-05-10T15:49:26","modified_gmt":"2023-05-10T13:49:26","slug":"3r-va-dexcursio-al-castell-de-pubol","status":"publish","type":"post","link":"https:\/\/agora.xtec.cat\/escolalavilapalamos\/general\/3r-va-dexcursio-al-castell-de-pubol\/","title":{"rendered":"3r va d&#8217;excursi\u00f3 al Castell de P\u00fabol"},"content":{"rendered":"<p><img loading=\"lazy\" decoding=\"async\" class=\"wp-image-13533 alignleft\" src=\"https:\/\/agora.xtec.cat\/escolalavilapalamos\/wp-content\/uploads\/usu897\/2023\/05\/Castell-Gala-Dali_Baixa.jpg\" alt=\"\" width=\"424\" height=\"318\" srcset=\"https:\/\/agora.xtec.cat\/escolalavilapalamos\/wp-content\/uploads\/usu897\/2023\/05\/Castell-Gala-Dali_Baixa.jpg 860w, https:\/\/agora.xtec.cat\/escolalavilapalamos\/wp-content\/uploads\/usu897\/2023\/05\/Castell-Gala-Dali_Baixa-300x225.jpg 300w, https:\/\/agora.xtec.cat\/escolalavilapalamos\/wp-content\/uploads\/usu897\/2023\/05\/Castell-Gala-Dali_Baixa-768x576.jpg 768w, https:\/\/agora.xtec.cat\/escolalavilapalamos\/wp-content\/uploads\/usu897\/2023\/05\/Castell-Gala-Dali_Baixa-200x150.jpg 200w\" sizes=\"auto, (max-width: 424px) 100vw, 424px\" \/><\/p>\n<p>El proper <strong>dilluns 29 de maig els nens i nenes de 3r marxen d&#8217;excursi\u00f3 al Castell de P\u00fabol de la Fundaci\u00f3 Gala-Dal\u00ed<\/strong>.<\/p>\n<p>Hora i lloc de sortida: Camp de Futbol del Palam\u00f3s a les 8,30 h<br \/>\nHora i lloc d\u2019arribada: Al mateix lloc a les 16 h<\/p>\n<p>Cal portar: Esmorzar, dinar, gorra i cantimplora amb aigua.Caldr\u00e0 portar el xandall de l&#8217;escola i la crema solar posada de casa.<\/p>\n<p>Us podeu descarregar <a href=\"https:\/\/drive.google.com\/file\/d\/1MChMV_oVxxxu6DK90g5DEWU_X6XT69gK\/view?usp=sharing\">l&#8217;autoritzaci\u00f3 de l&#8217;excursi\u00f3 aqu\u00ed<\/a>. Retorneu l&#8217;autoritzaci\u00f3 <strong>abans del 26 de maig<\/strong><\/p>\n<p>Per saber-ne m\u00e9s <a href=\"https:\/\/www.salvador-dali.org\/ca\/museus\/castell-gala-dali-de-pubol\/\">Castell de P\u00fabol &#8211; Fundaci\u00f3 Gala-Dal\u00ed<\/a><\/p>\n","protected":false},"excerpt":{"rendered":"<p>El proper dilluns 29 de maig els nens i nenes de 3r marxen d&#8217;excursi\u00f3 al Castell de P\u00fabol de la Fundaci\u00f3 Gala-Dal\u00ed.<br \/>\nHora i lloc de sortida: Camp de Futbol del Palam\u00f3s a les 8,30 h<br \/>\nHora i lloc d\u2019arribada: Al mateix lloc a les 16 h<br \/>\nCal&hellip;  <a href=\"https:\/\/agora.xtec.cat\/escolalavilapalamos\/general\/3r-va-dexcursio-al-castell-de-pubol\/\" title=\"Read 3r va d&#8217;excursi\u00f3 al Castell de P\u00fabol\">Llegeix m\u00e9s\u00bb<\/a><\/p>\n","protected":false},"author":1,"featured_media":13533,"comment_status":"open","ping_status":"closed","sticky":false,"template":"","format":"standard","meta":{"_bbp_topic_count":0,"_bbp_reply_count":0,"_bbp_total_topic_count":0,"_bbp_total_reply_count":0,"_bbp_voice_count":0,"_bbp_anonymous_reply_count":0,"_bbp_topic_count_hidden":0,"_bbp_reply_count_hidden":0,"_bbp_forum_subforum_count":0,"footnotes":""},"categories":[127,1,4],"tags":[],"class_list":["post-13531","post","type-post","status-publish","format-standard","has-post-thumbnail","hentry","category-comunitat-de-mitjans","category-general","category-portada"],"post_mailing_queue_ids":[],"_links":{"self":[{"href":"https:\/\/agora.xtec.cat\/escolalavilapalamos\/wp-json\/wp\/v2\/posts\/13531","targetHints":{"allow":["GET"]}}],"collection":[{"href":"https:\/\/agora.xtec.cat\/escolalavilapalamos\/wp-json\/wp\/v2\/posts"}],"about":[{"href":"https:\/\/agora.xtec.cat\/escolalavilapalamos\/wp-json\/wp\/v2\/types\/post"}],"author":[{"embeddable":true,"href":"https:\/\/agora.xtec.cat\/escolalavilapalamos\/wp-json\/wp\/v2\/users\/1"}],"replies":[{"embeddable":true,"href":"https:\/\/agora.xtec.cat\/escolalavilapalamos\/wp-json\/wp\/v2\/comments?post=13531"}],"version-history":[{"count":3,"href":"https:\/\/agora.xtec.cat\/escolalavilapalamos\/wp-json\/wp\/v2\/posts\/13531\/revisions"}],"predecessor-version":[{"id":13539,"href":"https:\/\/agora.xtec.cat\/escolalavilapalamos\/wp-json\/wp\/v2\/posts\/13531\/revisions\/13539"}],"wp:featuredmedia":[{"embeddable":true,"href":"https:\/\/agora.xtec.cat\/escolalavilapalamos\/wp-json\/wp\/v2\/media\/13533"}],"wp:attachment":[{"href":"https:\/\/agora.xtec.cat\/escolalavilapalamos\/wp-json\/wp\/v2\/media?parent=13531"}],"wp:term":[{"taxonomy":"category","embeddable":true,"href":"https:\/\/agora.xtec.cat\/escolalavilapalamos\/wp-json\/wp\/v2\/categories?post=13531"},{"taxonomy":"post_tag","embeddable":true,"href":"https:\/\/agora.xtec.cat\/escolalavilapalamos\/wp-json\/wp\/v2\/tags?post=13531"}],"curies":[{"name":"wp","href":"https:\/\/api.w.org\/{rel}","templated":true}]}}