{"id":13496,"date":"2023-05-15T08:00:22","date_gmt":"2023-05-15T06:00:22","guid":{"rendered":"https:\/\/agora.xtec.cat\/escolalavilapalamos\/?p=13496"},"modified":"2023-05-15T10:16:46","modified_gmt":"2023-05-15T08:16:46","slug":"descontrol-escolar-3r-i-4t-a-la-gorga","status":"publish","type":"post","link":"https:\/\/agora.xtec.cat\/escolalavilapalamos\/general\/descontrol-escolar-3r-i-4t-a-la-gorga\/","title":{"rendered":"Descontrol escolar, 3r i 4t a La Gorga"},"content":{"rendered":"<p>El proper<strong> dimarts 16 de maig<\/strong> al mat\u00ed, els nens i nenes de 3r i 4t van a veure l&#8217;obra<strong> Descontrol escolar <\/strong>de la companyia <strong>Grup Xiula<\/strong>. <img loading=\"lazy\" decoding=\"async\" class=\"alignright wp-image-13497 \" src=\"https:\/\/agora.xtec.cat\/escolalavilapalamos\/wp-content\/uploads\/usu897\/2023\/05\/xiula-descontrol-escolar.png\" alt=\"\" width=\"331\" height=\"461\" srcset=\"https:\/\/agora.xtec.cat\/escolalavilapalamos\/wp-content\/uploads\/usu897\/2023\/05\/xiula-descontrol-escolar.png 432w, https:\/\/agora.xtec.cat\/escolalavilapalamos\/wp-content\/uploads\/usu897\/2023\/05\/xiula-descontrol-escolar-215x300.png 215w\" sizes=\"auto, (max-width: 331px) 100vw, 331px\" \/><\/p>\n<p>Els quatre m\u00fasics de Xiula, han decidit entomar d\u2019una vegada per totes el descontrol escolar. A l\u2019oficina terap\u00e8utica i educativa esperen la visita dels alumnes i les seves problem\u00e0tiques que viuen en l\u2019\u00e0mbit escolar per acompanyar-los a trobar respostes o si m\u00e9s no, a cultivar les preguntes.<br \/>\nEn aquest acompanyament en directe es treballaran temes com el bulling, la conviv\u00e8ncia a l\u2019aula, el fet de cr\u00e9ixer i esdevenir persona, la identitat, els vincles afectius, la impaci\u00e8ncia, les extraescolars, els h\u00e0bits saludables, el nostre lloc al m\u00f3n, la resil\u00b7li\u00e8ncia, les ventositats, les pantalles, les extraescolars, l\u2019amor, la diversitat i el descansar en que les coses no sempre han de ser perfectes.<br \/>\nL\u2019espectacle \u00e9s un concert teatralitzat i terap\u00e8utic on les noves can\u00e7ons de Xiula es combinaran amb alguns dels cl\u00e0ssics del grup. A trav\u00e9s de la m\u00fasica, l\u2019humor i acompanyats per projeccions art\u00edstiques sorprenents, gatgets d\u2019\u00faltima generaci\u00f3 i una posada en escena atrevida, el p\u00fablic es sentir\u00e0 tocat i inmers en aquest univers estimulant.<br \/>\nMelodies modernes i lletres cr\u00edtiques en un espectacle interactiu per a tots els p\u00fablics que us pentinar\u00e0 els chakres.<\/p>\n<p><a href=\"https:\/\/drive.google.com\/file\/d\/1n-Hp1Xijr25b-nkCHvDmFHFcfFEFYIlu\/view?usp=sharing\">Fitxa t\u00e8cnica de l&#8217;obra.<\/a><\/p>\n<p><iframe loading=\"lazy\" src=\"\/\/www.youtube.com\/embed\/wZY02CfEJYM\" width=\"560\" height=\"314\" allowfullscreen=\"allowfullscreen\"><\/iframe><\/p>\n<p>&nbsp;<\/p>\n<p>&nbsp;<\/p>\n","protected":false},"excerpt":{"rendered":"<p>El proper dimarts 16 de maig al mat\u00ed, els nens i nenes de 3r i 4t van a veure l&#8217;obra Descontrol escolar de la companyia Grup Xiula.<br \/>\nEls quatre m\u00fasics de Xiula, han decidit entomar d\u2019una vegada per totes el descontrol escolar. A l\u2019oficina terap\u00e8utica&hellip;  <a href=\"https:\/\/agora.xtec.cat\/escolalavilapalamos\/general\/descontrol-escolar-3r-i-4t-a-la-gorga\/\" title=\"Read Descontrol escolar, 3r i 4t a La Gorga\">Llegeix m\u00e9s\u00bb<\/a><\/p>\n","protected":false},"author":1,"featured_media":13497,"comment_status":"open","ping_status":"closed","sticky":false,"template":"","format":"standard","meta":{"_bbp_topic_count":0,"_bbp_reply_count":0,"_bbp_total_topic_count":0,"_bbp_total_reply_count":0,"_bbp_voice_count":0,"_bbp_anonymous_reply_count":0,"_bbp_topic_count_hidden":0,"_bbp_reply_count_hidden":0,"_bbp_forum_subforum_count":0,"footnotes":""},"categories":[128,127,1,4],"tags":[],"class_list":["post-13496","post","type-post","status-publish","format-standard","has-post-thumbnail","hentry","category-comunitat-de-grans","category-comunitat-de-mitjans","category-general","category-portada"],"post_mailing_queue_ids":[],"_links":{"self":[{"href":"https:\/\/agora.xtec.cat\/escolalavilapalamos\/wp-json\/wp\/v2\/posts\/13496","targetHints":{"allow":["GET"]}}],"collection":[{"href":"https:\/\/agora.xtec.cat\/escolalavilapalamos\/wp-json\/wp\/v2\/posts"}],"about":[{"href":"https:\/\/agora.xtec.cat\/escolalavilapalamos\/wp-json\/wp\/v2\/types\/post"}],"author":[{"embeddable":true,"href":"https:\/\/agora.xtec.cat\/escolalavilapalamos\/wp-json\/wp\/v2\/users\/1"}],"replies":[{"embeddable":true,"href":"https:\/\/agora.xtec.cat\/escolalavilapalamos\/wp-json\/wp\/v2\/comments?post=13496"}],"version-history":[{"count":3,"href":"https:\/\/agora.xtec.cat\/escolalavilapalamos\/wp-json\/wp\/v2\/posts\/13496\/revisions"}],"predecessor-version":[{"id":13555,"href":"https:\/\/agora.xtec.cat\/escolalavilapalamos\/wp-json\/wp\/v2\/posts\/13496\/revisions\/13555"}],"wp:featuredmedia":[{"embeddable":true,"href":"https:\/\/agora.xtec.cat\/escolalavilapalamos\/wp-json\/wp\/v2\/media\/13497"}],"wp:attachment":[{"href":"https:\/\/agora.xtec.cat\/escolalavilapalamos\/wp-json\/wp\/v2\/media?parent=13496"}],"wp:term":[{"taxonomy":"category","embeddable":true,"href":"https:\/\/agora.xtec.cat\/escolalavilapalamos\/wp-json\/wp\/v2\/categories?post=13496"},{"taxonomy":"post_tag","embeddable":true,"href":"https:\/\/agora.xtec.cat\/escolalavilapalamos\/wp-json\/wp\/v2\/tags?post=13496"}],"curies":[{"name":"wp","href":"https:\/\/api.w.org\/{rel}","templated":true}]}}