{"id":13476,"date":"2023-05-05T15:11:10","date_gmt":"2023-05-05T13:11:10","guid":{"rendered":"https:\/\/agora.xtec.cat\/escolalavilapalamos\/?p=13476"},"modified":"2023-05-05T15:11:10","modified_gmt":"2023-05-05T13:11:10","slug":"visita-capella-del-carme","status":"publish","type":"post","link":"https:\/\/agora.xtec.cat\/escolalavilapalamos\/portada\/visita-capella-del-carme\/","title":{"rendered":"Visita Capella del Carme"},"content":{"rendered":"<p><img loading=\"lazy\" decoding=\"async\" class=\"wp-image-13487  alignright\" src=\"https:\/\/agora.xtec.cat\/escolalavilapalamos\/wp-content\/uploads\/usu897\/2023\/05\/IMG_20230504_093144.jpg\" alt=\"\" width=\"491\" height=\"367\" srcset=\"https:\/\/agora.xtec.cat\/escolalavilapalamos\/wp-content\/uploads\/usu897\/2023\/05\/IMG_20230504_093144.jpg 1239w, https:\/\/agora.xtec.cat\/escolalavilapalamos\/wp-content\/uploads\/usu897\/2023\/05\/IMG_20230504_093144-300x224.jpg 300w, https:\/\/agora.xtec.cat\/escolalavilapalamos\/wp-content\/uploads\/usu897\/2023\/05\/IMG_20230504_093144-1024x766.jpg 1024w, https:\/\/agora.xtec.cat\/escolalavilapalamos\/wp-content\/uploads\/usu897\/2023\/05\/IMG_20230504_093144-768x575.jpg 768w, https:\/\/agora.xtec.cat\/escolalavilapalamos\/wp-content\/uploads\/usu897\/2023\/05\/IMG_20230504_093144-200x150.jpg 200w\" sizes=\"auto, (max-width: 491px) 100vw, 491px\" \/>El dijous 4 de maig les classes de 1r vam anar a visitar l&#8217;exposici\u00f3 d&#8217;Art i paisatge a la Capella del Carme. Vam viatjar al passat i vam poder veure com han anat canviant alguns paisatges de Palam\u00f3s com la Fosca, la Catifa, la Platja Gran, el Petit Bar&#8230; Va resultar d&#8217;all\u00f3 m\u00e9s curi\u00f3s i interessant perqu\u00e8 vam descobrir artistes i racons de l&#8217;entorn m\u00e9s proper: Francesc Vidal Palmada, Carme Maristany, Josep Orihuela, Josep Sarquella, Ezequiel Torroella&#8230; De cadasc\u00fa vam aprendre la seva t\u00e8cnica pict\u00f2rica.\u00a0 Us convidem a anar-hi qualsevol cap de setmana.<\/p>\n<p><a href=\"https:\/\/photos.app.goo.gl\/h5hGtPD7HhageHpc7\">Aqu\u00ed teniu les fotografies.\u00a0<\/a><\/p>\n","protected":false},"excerpt":{"rendered":"<p>El dijous 4 de maig les classes de 1r vam anar a visitar l&#8217;exposici\u00f3 d&#8217;Art i paisatge a la Capella del Carme. Vam viatjar al passat i vam poder veure com han anat canviant alguns paisatges de Palam\u00f3s com la Fosca, la Catifa, la Platja&hellip;  <a href=\"https:\/\/agora.xtec.cat\/escolalavilapalamos\/portada\/visita-capella-del-carme\/\" title=\"Read Visita Capella del Carme\">Llegeix m\u00e9s\u00bb<\/a><\/p>\n","protected":false},"author":131,"featured_media":13487,"comment_status":"open","ping_status":"closed","sticky":false,"template":"","format":"standard","meta":{"_bbp_topic_count":0,"_bbp_reply_count":0,"_bbp_total_topic_count":0,"_bbp_total_reply_count":0,"_bbp_voice_count":0,"_bbp_anonymous_reply_count":0,"_bbp_topic_count_hidden":0,"_bbp_reply_count_hidden":0,"_bbp_forum_subforum_count":0,"footnotes":""},"categories":[127,4],"tags":[],"class_list":["post-13476","post","type-post","status-publish","format-standard","has-post-thumbnail","hentry","category-comunitat-de-mitjans","category-portada"],"post_mailing_queue_ids":[],"_links":{"self":[{"href":"https:\/\/agora.xtec.cat\/escolalavilapalamos\/wp-json\/wp\/v2\/posts\/13476","targetHints":{"allow":["GET"]}}],"collection":[{"href":"https:\/\/agora.xtec.cat\/escolalavilapalamos\/wp-json\/wp\/v2\/posts"}],"about":[{"href":"https:\/\/agora.xtec.cat\/escolalavilapalamos\/wp-json\/wp\/v2\/types\/post"}],"author":[{"embeddable":true,"href":"https:\/\/agora.xtec.cat\/escolalavilapalamos\/wp-json\/wp\/v2\/users\/131"}],"replies":[{"embeddable":true,"href":"https:\/\/agora.xtec.cat\/escolalavilapalamos\/wp-json\/wp\/v2\/comments?post=13476"}],"version-history":[{"count":2,"href":"https:\/\/agora.xtec.cat\/escolalavilapalamos\/wp-json\/wp\/v2\/posts\/13476\/revisions"}],"predecessor-version":[{"id":13488,"href":"https:\/\/agora.xtec.cat\/escolalavilapalamos\/wp-json\/wp\/v2\/posts\/13476\/revisions\/13488"}],"wp:featuredmedia":[{"embeddable":true,"href":"https:\/\/agora.xtec.cat\/escolalavilapalamos\/wp-json\/wp\/v2\/media\/13487"}],"wp:attachment":[{"href":"https:\/\/agora.xtec.cat\/escolalavilapalamos\/wp-json\/wp\/v2\/media?parent=13476"}],"wp:term":[{"taxonomy":"category","embeddable":true,"href":"https:\/\/agora.xtec.cat\/escolalavilapalamos\/wp-json\/wp\/v2\/categories?post=13476"},{"taxonomy":"post_tag","embeddable":true,"href":"https:\/\/agora.xtec.cat\/escolalavilapalamos\/wp-json\/wp\/v2\/tags?post=13476"}],"curies":[{"name":"wp","href":"https:\/\/api.w.org\/{rel}","templated":true}]}}