{"id":13475,"date":"2023-05-05T15:08:37","date_gmt":"2023-05-05T13:08:37","guid":{"rendered":"https:\/\/agora.xtec.cat\/escolalavilapalamos\/?p=13475"},"modified":"2023-05-05T15:08:37","modified_gmt":"2023-05-05T13:08:37","slug":"apadrinem-la-nostra-escola-a-4t","status":"publish","type":"post","link":"https:\/\/agora.xtec.cat\/escolalavilapalamos\/general\/apadrinem-la-nostra-escola-a-4t\/","title":{"rendered":"Apadrinem la nostra escola a 4t"},"content":{"rendered":"<p><img loading=\"lazy\" decoding=\"async\" class=\"wp-image-13479  alignright\" src=\"https:\/\/agora.xtec.cat\/escolalavilapalamos\/wp-content\/uploads\/usu897\/2023\/05\/foto-refugi.png\" alt=\"\" width=\"511\" height=\"318\" srcset=\"https:\/\/agora.xtec.cat\/escolalavilapalamos\/wp-content\/uploads\/usu897\/2023\/05\/foto-refugi.png 971w, https:\/\/agora.xtec.cat\/escolalavilapalamos\/wp-content\/uploads\/usu897\/2023\/05\/foto-refugi-300x187.png 300w, https:\/\/agora.xtec.cat\/escolalavilapalamos\/wp-content\/uploads\/usu897\/2023\/05\/foto-refugi-768x478.png 768w\" sizes=\"auto, (max-width: 511px) 100vw, 511px\" \/>Els nens i nenes de 4t a treball globalitzat estem duent a terme el projecte al qual estem inscrits: <a href=\"https:\/\/xtec.gencat.cat\/ca\/projectes\/apadrinemnostrepatrimoni\/\">Apadrinem el nostre patrimoni<\/a>. Es tracta d&#8217;un projecte impulsat per la Direcci\u00f3 General d&#8217;Innovaci\u00f3 en el qual apadrinem un element patrimonial proper al nostre centre. Ja que l&#8217;escola fa 90 anys aquest 2023, vam decidir que el nostre centre era l&#8217;element que nosaltres vol\u00edem apadrinar. Primerament vam partir del refugi antiaeri perqu\u00e8 a m\u00e9s van venir a fer una fotogrametria (una recreaci\u00f3 3D de l&#8217;interior a partir de fotografies) i amb els alumnes vam poder fer preguntes als t\u00e8cnics. Tot plegat va servir de punt de partida per enlla\u00e7ar-ho amb el projecte.<\/p>\n<p>Al llarg d&#8217;aquest projecte treballarem la hist\u00f2ria des d&#8217;un punt de vista global, la Guerra Civil Espanyola a Palam\u00f3s i la hist\u00f2ria de l&#8217;escola la Vila.<\/p>\n<p>Estigueu atents perqu\u00e8 al llarg del tercer trimestre us anirem explicant m\u00e9s cosetes. Els alumnes estan entusiasmats!<\/p>\n<p>Cliqueu <a href=\"https:\/\/photos.app.goo.gl\/7dTdVdDxqVMQ65pg8\">aqu\u00ed<\/a> per veure l&#8217;\u00e0lbum de fotos de l&#8217;inici del projecte.<\/p>\n<p>&nbsp;<\/p>\n<p>&nbsp;<\/p>\n<p>&nbsp;<\/p>\n<p>&nbsp;<\/p>\n<p>&nbsp;<\/p>\n","protected":false},"excerpt":{"rendered":"<p>Els nens i nenes de 4t a treball globalitzat estem duent a terme el projecte al qual estem inscrits: <a href=\"https:\/\/xtec.gencat.cat\/ca\/projectes\/apadrinemnostrepatrimoni\/\">Apadrinem el nostre patrimoni<\/a>. Es tracta d&#8217;un projecte impulsat per la Direcci\u00f3 General d&#8217;Innovaci\u00f3 en el qual apadrinem un element patrimonial proper al nostre centre.&hellip;  <a href=\"https:\/\/agora.xtec.cat\/escolalavilapalamos\/general\/apadrinem-la-nostra-escola-a-4t\/\" title=\"Read Apadrinem la nostra escola a 4t\">Llegeix m\u00e9s\u00bb<\/a><\/p>\n","protected":false},"author":132,"featured_media":13485,"comment_status":"open","ping_status":"closed","sticky":false,"template":"","format":"standard","meta":{"_bbp_topic_count":0,"_bbp_reply_count":0,"_bbp_total_topic_count":0,"_bbp_total_reply_count":0,"_bbp_voice_count":0,"_bbp_anonymous_reply_count":0,"_bbp_topic_count_hidden":0,"_bbp_reply_count_hidden":0,"_bbp_forum_subforum_count":0,"footnotes":""},"categories":[128,1,4,5],"tags":[],"class_list":["post-13475","post","type-post","status-publish","format-standard","has-post-thumbnail","hentry","category-comunitat-de-grans","category-general","category-portada","category-primaria"],"post_mailing_queue_ids":[],"_links":{"self":[{"href":"https:\/\/agora.xtec.cat\/escolalavilapalamos\/wp-json\/wp\/v2\/posts\/13475","targetHints":{"allow":["GET"]}}],"collection":[{"href":"https:\/\/agora.xtec.cat\/escolalavilapalamos\/wp-json\/wp\/v2\/posts"}],"about":[{"href":"https:\/\/agora.xtec.cat\/escolalavilapalamos\/wp-json\/wp\/v2\/types\/post"}],"author":[{"embeddable":true,"href":"https:\/\/agora.xtec.cat\/escolalavilapalamos\/wp-json\/wp\/v2\/users\/132"}],"replies":[{"embeddable":true,"href":"https:\/\/agora.xtec.cat\/escolalavilapalamos\/wp-json\/wp\/v2\/comments?post=13475"}],"version-history":[{"count":3,"href":"https:\/\/agora.xtec.cat\/escolalavilapalamos\/wp-json\/wp\/v2\/posts\/13475\/revisions"}],"predecessor-version":[{"id":13486,"href":"https:\/\/agora.xtec.cat\/escolalavilapalamos\/wp-json\/wp\/v2\/posts\/13475\/revisions\/13486"}],"wp:featuredmedia":[{"embeddable":true,"href":"https:\/\/agora.xtec.cat\/escolalavilapalamos\/wp-json\/wp\/v2\/media\/13485"}],"wp:attachment":[{"href":"https:\/\/agora.xtec.cat\/escolalavilapalamos\/wp-json\/wp\/v2\/media?parent=13475"}],"wp:term":[{"taxonomy":"category","embeddable":true,"href":"https:\/\/agora.xtec.cat\/escolalavilapalamos\/wp-json\/wp\/v2\/categories?post=13475"},{"taxonomy":"post_tag","embeddable":true,"href":"https:\/\/agora.xtec.cat\/escolalavilapalamos\/wp-json\/wp\/v2\/tags?post=13475"}],"curies":[{"name":"wp","href":"https:\/\/api.w.org\/{rel}","templated":true}]}}