{"id":13472,"date":"2023-05-05T15:05:52","date_gmt":"2023-05-05T13:05:52","guid":{"rendered":"https:\/\/agora.xtec.cat\/escolalavilapalamos\/?p=13472"},"modified":"2023-05-05T15:05:52","modified_gmt":"2023-05-05T13:05:52","slug":"un-llibre-especial-a-2na","status":"publish","type":"post","link":"https:\/\/agora.xtec.cat\/escolalavilapalamos\/general\/un-llibre-especial-a-2na\/","title":{"rendered":"Un llibre especial a 2nA"},"content":{"rendered":"<p><span style=\"font-weight: 400;\">Aprofitant que ha sigut Sant Jordi fa molt poc i a l\u2019escola ho hem celebrat, aquesta setmana l\u2019equip de diversitat us volem recomanar el llibre de <\/span><b><i>M\u00fasica a la panxa<\/i><\/b><i><span style=\"font-weight: 400;\">. <img loading=\"lazy\" decoding=\"async\" class=\"wp-image-13473 size-full alignright\" src=\"https:\/\/agora.xtec.cat\/escolalavilapalamos\/wp-content\/uploads\/usu897\/2023\/05\/9788424631758.jpg\" alt=\"\" width=\"229\" height=\"250\" \/><\/span><\/i><\/p>\n<p><span style=\"font-weight: 400;\">Aquest t\u00edtol \u00e9s de la col\u00b7lecci\u00f3 de llibres d\u2019educaci\u00f3 emocional <\/span><span style=\"font-weight: 400;\">La fada Menta. Cada llibre inclou dues p\u00e0gines amb recomanacions per a pares i educadors. <\/span><i><span style=\"font-weight: 400;\">M\u00fasica a la panxa<\/span><\/i><span style=\"font-weight: 400;\">, tracta <\/span><span style=\"font-weight: 400;\">d\u2019en Dani, un nen sord que pensa que no \u00e9s normal, se sent diferent i creu que no \u00e9s com els altres. Per\u00f2 el que el llibre planteja \u00e9s: <\/span><b>qu\u00e8 \u00e9s ser normal i qui creiem que ho \u00e9s?<\/b><\/p>\n<p><span style=\"font-weight: 400;\">S\u2019ha explicat el conte i s&#8217;ha parlat de qui era normal a l\u2019aula o quines eren les nostres peculiaritats, com per exemple:<\/span><\/p>\n<ul>\n<li>El meu melic \u00e9s com un pop-it.<\/li>\n<li>Jo porto ulleres.<\/li>\n<li>Jo tinc un problema a l&#8217;esquena.<\/li>\n<li>A mi no se&#8217;m donen b\u00e9 les matem\u00e0tiques.<\/li>\n<li>Jo sempre vull anar descal\u00e7a.<\/li>\n<\/ul>\n<p>En definitiva, <span style=\"font-weight: 400;\">s\u2019han obtingut unes reflexions molt boniques. H<\/span>em acabat parlant de quines coses ens fan diferents als altres i com ens agraden les nostres rareses. Vam compartir un moment molt especial quan junts ens vam adonar de que tots som \u00fanics i especials.<\/p>\n<p><span style=\"font-weight: 400;\">Aquest llibre el podreu trobar a la biblioteca de Palam\u00f3s. Esperem que us agradi i el gaudiu de la mateixa manera que ho hem fet nosaltres!<\/span><\/p>\n<p><span style=\"font-weight: 400;\">\u00a0<\/span><\/p>\n","protected":false},"excerpt":{"rendered":"<p>Aprofitant que ha sigut Sant Jordi fa molt poc i a l\u2019escola ho hem celebrat, aquesta setmana l\u2019equip de diversitat us volem recomanar el llibre de M\u00fasica a la panxa.<br \/>\nAquest t\u00edtol \u00e9s de la col\u00b7lecci\u00f3 de llibres d\u2019educaci\u00f3 emocional La fada Menta. Cada llibre&hellip;  <a href=\"https:\/\/agora.xtec.cat\/escolalavilapalamos\/general\/un-llibre-especial-a-2na\/\" title=\"Read Un llibre especial a 2nA\">Llegeix m\u00e9s\u00bb<\/a><\/p>\n","protected":false},"author":131,"featured_media":13473,"comment_status":"open","ping_status":"closed","sticky":false,"template":"","format":"standard","meta":{"_bbp_topic_count":0,"_bbp_reply_count":0,"_bbp_total_topic_count":0,"_bbp_total_reply_count":0,"_bbp_voice_count":0,"_bbp_anonymous_reply_count":0,"_bbp_topic_count_hidden":0,"_bbp_reply_count_hidden":0,"_bbp_forum_subforum_count":0,"footnotes":""},"categories":[1,4],"tags":[],"class_list":["post-13472","post","type-post","status-publish","format-standard","has-post-thumbnail","hentry","category-general","category-portada"],"post_mailing_queue_ids":[],"_links":{"self":[{"href":"https:\/\/agora.xtec.cat\/escolalavilapalamos\/wp-json\/wp\/v2\/posts\/13472","targetHints":{"allow":["GET"]}}],"collection":[{"href":"https:\/\/agora.xtec.cat\/escolalavilapalamos\/wp-json\/wp\/v2\/posts"}],"about":[{"href":"https:\/\/agora.xtec.cat\/escolalavilapalamos\/wp-json\/wp\/v2\/types\/post"}],"author":[{"embeddable":true,"href":"https:\/\/agora.xtec.cat\/escolalavilapalamos\/wp-json\/wp\/v2\/users\/131"}],"replies":[{"embeddable":true,"href":"https:\/\/agora.xtec.cat\/escolalavilapalamos\/wp-json\/wp\/v2\/comments?post=13472"}],"version-history":[{"count":2,"href":"https:\/\/agora.xtec.cat\/escolalavilapalamos\/wp-json\/wp\/v2\/posts\/13472\/revisions"}],"predecessor-version":[{"id":13483,"href":"https:\/\/agora.xtec.cat\/escolalavilapalamos\/wp-json\/wp\/v2\/posts\/13472\/revisions\/13483"}],"wp:featuredmedia":[{"embeddable":true,"href":"https:\/\/agora.xtec.cat\/escolalavilapalamos\/wp-json\/wp\/v2\/media\/13473"}],"wp:attachment":[{"href":"https:\/\/agora.xtec.cat\/escolalavilapalamos\/wp-json\/wp\/v2\/media?parent=13472"}],"wp:term":[{"taxonomy":"category","embeddable":true,"href":"https:\/\/agora.xtec.cat\/escolalavilapalamos\/wp-json\/wp\/v2\/categories?post=13472"},{"taxonomy":"post_tag","embeddable":true,"href":"https:\/\/agora.xtec.cat\/escolalavilapalamos\/wp-json\/wp\/v2\/tags?post=13472"}],"curies":[{"name":"wp","href":"https:\/\/api.w.org\/{rel}","templated":true}]}}