{"id":13468,"date":"2023-05-08T08:05:25","date_gmt":"2023-05-08T06:05:25","guid":{"rendered":"https:\/\/agora.xtec.cat\/escolalavilapalamos\/?p=13468"},"modified":"2023-05-05T15:53:00","modified_gmt":"2023-05-05T13:53:00","slug":"la-comunitat-de-petits-a-la-gorga","status":"publish","type":"post","link":"https:\/\/agora.xtec.cat\/escolalavilapalamos\/general\/la-comunitat-de-petits-a-la-gorga\/","title":{"rendered":"La comunitat de petits a La Gorga"},"content":{"rendered":"<p><img loading=\"lazy\" decoding=\"async\" class=\"wp-image-13469 alignright\" src=\"https:\/\/agora.xtec.cat\/escolalavilapalamos\/wp-content\/uploads\/usu897\/2023\/05\/Foto2_La-vaca-que-canta.jpg\" alt=\"\" width=\"485\" height=\"323\" srcset=\"https:\/\/agora.xtec.cat\/escolalavilapalamos\/wp-content\/uploads\/usu897\/2023\/05\/Foto2_La-vaca-que-canta.jpg 1594w, https:\/\/agora.xtec.cat\/escolalavilapalamos\/wp-content\/uploads\/usu897\/2023\/05\/Foto2_La-vaca-que-canta-300x200.jpg 300w, https:\/\/agora.xtec.cat\/escolalavilapalamos\/wp-content\/uploads\/usu897\/2023\/05\/Foto2_La-vaca-que-canta-1024x683.jpg 1024w, https:\/\/agora.xtec.cat\/escolalavilapalamos\/wp-content\/uploads\/usu897\/2023\/05\/Foto2_La-vaca-que-canta-768x512.jpg 768w, https:\/\/agora.xtec.cat\/escolalavilapalamos\/wp-content\/uploads\/usu897\/2023\/05\/Foto2_La-vaca-que-canta-1536x1024.jpg 1536w\" sizes=\"auto, (max-width: 485px) 100vw, 485px\" \/>El proper<strong> dimecres 10 de maig<\/strong> al mat\u00ed, els nens i nenes de P3, P4 i P5 anem a veure l&#8217;obra<strong> La Vaca que canta <\/strong>de <a href=\"https:\/\/pocacosateatre.com\/\">la companyia <strong>Poca cosa Teatre<\/strong><\/a>.<\/p>\n<p>En aquest espectacle fem un petit i simp\u00e0tic homenatge a tots aquells que es dediquen al m\u00f3n art\u00edstic (cantants, actors, m\u00fasics, etc.), a l&#8217;esfor\u00e7 i la implicaci\u00f3 emocional que suposa aconseguir un somni. La Vaca Sofia vol ser cantant d&#8217;\u00f2pera i fa tot el que pot per fer realitat el seu somni. Ho aconsegueix associant-se amb la Carlota, una directora d&#8217;orquestres, que<br \/>\ntamb\u00e9 es desviu i fa tot el que pot per fer realitat el seu somni. Per\u00f2, per arribar fins aqu\u00ed, la Vaca Sofia passar\u00e0 per diferents orquestres que busquen cantants, coneixer\u00e0 diferents estils musicals, i reafirmar\u00e0 que a ella realment el que estima, adora i deleix \u00e9s l&#8217;\u00f2pera.<\/p>\n<p><a href=\"https:\/\/drive.google.com\/file\/d\/1XM2kwDMgcIiAsuItx2VWuzAjkPdmSizC\/view?usp=sharing\">Fitxa t\u00e8cnica de l&#8217;obra.<\/a><\/p>\n<p><iframe loading=\"lazy\" src=\"\/\/www.youtube.com\/embed\/svR0JKQyxgo\" width=\"560\" height=\"314\" allowfullscreen=\"allowfullscreen\"><\/iframe><\/p>\n<p>&nbsp;<\/p>\n","protected":false},"excerpt":{"rendered":"<p>El proper dimecres 10 de maig al mat\u00ed, els nens i nenes de P3, P4 i P5 anem a veure l&#8217;obra La Vaca que canta de <a href=\"https:\/\/pocacosateatre.com\/\">la companyia Poca cosa Teatre<\/a>.<br \/>\nEn aquest espectacle fem un petit i simp\u00e0tic homenatge a tots aquells que es&hellip;  <a href=\"https:\/\/agora.xtec.cat\/escolalavilapalamos\/general\/la-comunitat-de-petits-a-la-gorga\/\" title=\"Read La comunitat de petits a La Gorga\">Llegeix m\u00e9s\u00bb<\/a><\/p>\n","protected":false},"author":1,"featured_media":13469,"comment_status":"open","ping_status":"closed","sticky":false,"template":"","format":"standard","meta":{"_bbp_topic_count":0,"_bbp_reply_count":0,"_bbp_total_topic_count":0,"_bbp_total_reply_count":0,"_bbp_voice_count":0,"_bbp_anonymous_reply_count":0,"_bbp_topic_count_hidden":0,"_bbp_reply_count_hidden":0,"_bbp_forum_subforum_count":0,"footnotes":""},"categories":[2,1,4],"tags":[],"class_list":["post-13468","post","type-post","status-publish","format-standard","has-post-thumbnail","hentry","category-infantil","category-general","category-portada"],"post_mailing_queue_ids":[],"_links":{"self":[{"href":"https:\/\/agora.xtec.cat\/escolalavilapalamos\/wp-json\/wp\/v2\/posts\/13468","targetHints":{"allow":["GET"]}}],"collection":[{"href":"https:\/\/agora.xtec.cat\/escolalavilapalamos\/wp-json\/wp\/v2\/posts"}],"about":[{"href":"https:\/\/agora.xtec.cat\/escolalavilapalamos\/wp-json\/wp\/v2\/types\/post"}],"author":[{"embeddable":true,"href":"https:\/\/agora.xtec.cat\/escolalavilapalamos\/wp-json\/wp\/v2\/users\/1"}],"replies":[{"embeddable":true,"href":"https:\/\/agora.xtec.cat\/escolalavilapalamos\/wp-json\/wp\/v2\/comments?post=13468"}],"version-history":[{"count":3,"href":"https:\/\/agora.xtec.cat\/escolalavilapalamos\/wp-json\/wp\/v2\/posts\/13468\/revisions"}],"predecessor-version":[{"id":13495,"href":"https:\/\/agora.xtec.cat\/escolalavilapalamos\/wp-json\/wp\/v2\/posts\/13468\/revisions\/13495"}],"wp:featuredmedia":[{"embeddable":true,"href":"https:\/\/agora.xtec.cat\/escolalavilapalamos\/wp-json\/wp\/v2\/media\/13469"}],"wp:attachment":[{"href":"https:\/\/agora.xtec.cat\/escolalavilapalamos\/wp-json\/wp\/v2\/media?parent=13468"}],"wp:term":[{"taxonomy":"category","embeddable":true,"href":"https:\/\/agora.xtec.cat\/escolalavilapalamos\/wp-json\/wp\/v2\/categories?post=13468"},{"taxonomy":"post_tag","embeddable":true,"href":"https:\/\/agora.xtec.cat\/escolalavilapalamos\/wp-json\/wp\/v2\/tags?post=13468"}],"curies":[{"name":"wp","href":"https:\/\/api.w.org\/{rel}","templated":true}]}}