{"id":13460,"date":"2023-05-04T11:46:26","date_gmt":"2023-05-04T09:46:26","guid":{"rendered":"https:\/\/agora.xtec.cat\/escolalavilapalamos\/?p=13460"},"modified":"2023-05-08T15:35:43","modified_gmt":"2023-05-08T13:35:43","slug":"sant-joan-florit-2023","status":"publish","type":"post","link":"https:\/\/agora.xtec.cat\/escolalavilapalamos\/general\/sant-joan-florit-2023\/","title":{"rendered":"Sant Joan Florit i entrega de Premis El Caliu"},"content":{"rendered":"<p><strong><img loading=\"lazy\" decoding=\"async\" class=\"alignleft wp-image-13461 \" src=\"https:\/\/agora.xtec.cat\/escolalavilapalamos\/wp-content\/uploads\/usu897\/2023\/05\/Sant-Joan-florit.jpg\" alt=\"\" width=\"371\" height=\"476\" srcset=\"https:\/\/agora.xtec.cat\/escolalavilapalamos\/wp-content\/uploads\/usu897\/2023\/05\/Sant-Joan-florit.jpg 645w, https:\/\/agora.xtec.cat\/escolalavilapalamos\/wp-content\/uploads\/usu897\/2023\/05\/Sant-Joan-florit-234x300.jpg 234w\" sizes=\"auto, (max-width: 371px) 100vw, 371px\" \/>Diumenge 7 de maig<\/strong> es celebra a Sant Joan de Palam\u00f3s la diada <em>Sant Joan florit. <\/em>Carrers engalanats, espectacles i fira d&#8217;artesania. La nostra escola participa engalanant de primavera el carrer de l&#8217;Esgl\u00e9sia , a la paret de Can Sag\u00e0s.<\/p>\n<p><strong>L&#8217; escola La Vila participa. Els nens i nenes de la comunitat de petits han creat tota la decoraci\u00f3 de primavera per Sant Joan Florit. Esperem que us agradi !<img loading=\"lazy\" decoding=\"async\" class=\"wp-image-13525 alignright\" src=\"https:\/\/agora.xtec.cat\/escolalavilapalamos\/wp-content\/uploads\/usu897\/2023\/05\/WhatsApp-Image-2023-05-07-at-10.28.43.jpeg\" alt=\"\" width=\"533\" height=\"300\" srcset=\"https:\/\/agora.xtec.cat\/escolalavilapalamos\/wp-content\/uploads\/usu897\/2023\/05\/WhatsApp-Image-2023-05-07-at-10.28.43.jpeg 2048w, https:\/\/agora.xtec.cat\/escolalavilapalamos\/wp-content\/uploads\/usu897\/2023\/05\/WhatsApp-Image-2023-05-07-at-10.28.43-300x169.jpeg 300w, https:\/\/agora.xtec.cat\/escolalavilapalamos\/wp-content\/uploads\/usu897\/2023\/05\/WhatsApp-Image-2023-05-07-at-10.28.43-1024x576.jpeg 1024w, https:\/\/agora.xtec.cat\/escolalavilapalamos\/wp-content\/uploads\/usu897\/2023\/05\/WhatsApp-Image-2023-05-07-at-10.28.43-768x432.jpeg 768w, https:\/\/agora.xtec.cat\/escolalavilapalamos\/wp-content\/uploads\/usu897\/2023\/05\/WhatsApp-Image-2023-05-07-at-10.28.43-1536x864.jpeg 1536w\" sizes=\"auto, (max-width: 533px) 100vw, 533px\" \/><\/strong><\/p>\n<p>De les 10.00h a les 20.00h feu una passejada pel barri de Sant Joan, llu\u00eft amb catifes i ornaments de flors dels ve\u00efns que omplen patis, carrers i racons del barri vell de Sant Joan. Hi haur\u00e0 actuacions en directe, al llarg de tot el dia: &#8220;coros&#8221;, gospel, dansa, parades d&#8217;artesania en el centre hist\u00f2ric.<\/p>\n<p>A les 11,15h al local social de l&#8217;Associaci\u00f3 el Caliu de Sant Joan es far\u00e0 entrega dels Premis del<b> Concurs de redacci\u00f3 El Caliu, <\/b>on han participat els nostres alumnes de 6\u00e8.<\/p>\n<p>Felicitem a la Jana Ram\u00edrez pel <strong>Segon premi de redacci\u00f3 del Caliu 2023<\/strong><img loading=\"lazy\" decoding=\"async\" class=\"alignright wp-image-13527 \" src=\"https:\/\/agora.xtec.cat\/escolalavilapalamos\/wp-content\/uploads\/usu897\/2023\/05\/WhatsApp-Image-2023-05-07-at-11.36.35.jpeg\" alt=\"\" width=\"209\" height=\"332\" srcset=\"https:\/\/agora.xtec.cat\/escolalavilapalamos\/wp-content\/uploads\/usu897\/2023\/05\/WhatsApp-Image-2023-05-07-at-11.36.35.jpeg 1149w, https:\/\/agora.xtec.cat\/escolalavilapalamos\/wp-content\/uploads\/usu897\/2023\/05\/WhatsApp-Image-2023-05-07-at-11.36.35-189x300.jpeg 189w, https:\/\/agora.xtec.cat\/escolalavilapalamos\/wp-content\/uploads\/usu897\/2023\/05\/WhatsApp-Image-2023-05-07-at-11.36.35-644x1024.jpeg 644w, https:\/\/agora.xtec.cat\/escolalavilapalamos\/wp-content\/uploads\/usu897\/2023\/05\/WhatsApp-Image-2023-05-07-at-11.36.35-768x1221.jpeg 768w, https:\/\/agora.xtec.cat\/escolalavilapalamos\/wp-content\/uploads\/usu897\/2023\/05\/WhatsApp-Image-2023-05-07-at-11.36.35-966x1536.jpeg 966w\" sizes=\"auto, (max-width: 209px) 100vw, 209px\" \/><\/p>\n<p>Organitza: <a href=\"https:\/\/www.santjoanpalamos.cat\/\">Associaci\u00f3 de ve\u00efns de Sant Joan<\/a><\/p>\n<p>M\u00e9s informaci\u00f3 <a href=\"https:\/\/agora.xtec.cat\/escolalavilapalamos\/wp-content\/uploads\/usu897\/2023\/05\/345071973_944046693715100_1307744548113045296_n.jpg\">Activitats<\/a>.<\/p>\n<p>&nbsp;<\/p>\n","protected":false},"excerpt":{"rendered":"<p>Diumenge 7 de maig es celebra a Sant Joan de Palam\u00f3s la diada Sant Joan florit. Carrers engalanats, espectacles i fira d&#8217;artesania. La nostra escola participa engalanant de primavera el carrer de l&#8217;Esgl\u00e9sia , a la paret de Can Sag\u00e0s.<br \/>\nL&#8217; escola La Vila participa. Els&hellip;  <a href=\"https:\/\/agora.xtec.cat\/escolalavilapalamos\/general\/sant-joan-florit-2023\/\" title=\"Read Sant Joan Florit i entrega de Premis El Caliu\">Llegeix m\u00e9s\u00bb<\/a><\/p>\n","protected":false},"author":1,"featured_media":13461,"comment_status":"open","ping_status":"closed","sticky":false,"template":"","format":"standard","meta":{"_bbp_topic_count":0,"_bbp_reply_count":0,"_bbp_total_topic_count":0,"_bbp_total_reply_count":0,"_bbp_voice_count":0,"_bbp_anonymous_reply_count":0,"_bbp_topic_count_hidden":0,"_bbp_reply_count_hidden":0,"_bbp_forum_subforum_count":0,"footnotes":""},"categories":[1,4],"tags":[],"class_list":["post-13460","post","type-post","status-publish","format-standard","has-post-thumbnail","hentry","category-general","category-portada"],"post_mailing_queue_ids":[],"_links":{"self":[{"href":"https:\/\/agora.xtec.cat\/escolalavilapalamos\/wp-json\/wp\/v2\/posts\/13460","targetHints":{"allow":["GET"]}}],"collection":[{"href":"https:\/\/agora.xtec.cat\/escolalavilapalamos\/wp-json\/wp\/v2\/posts"}],"about":[{"href":"https:\/\/agora.xtec.cat\/escolalavilapalamos\/wp-json\/wp\/v2\/types\/post"}],"author":[{"embeddable":true,"href":"https:\/\/agora.xtec.cat\/escolalavilapalamos\/wp-json\/wp\/v2\/users\/1"}],"replies":[{"embeddable":true,"href":"https:\/\/agora.xtec.cat\/escolalavilapalamos\/wp-json\/wp\/v2\/comments?post=13460"}],"version-history":[{"count":3,"href":"https:\/\/agora.xtec.cat\/escolalavilapalamos\/wp-json\/wp\/v2\/posts\/13460\/revisions"}],"predecessor-version":[{"id":13528,"href":"https:\/\/agora.xtec.cat\/escolalavilapalamos\/wp-json\/wp\/v2\/posts\/13460\/revisions\/13528"}],"wp:featuredmedia":[{"embeddable":true,"href":"https:\/\/agora.xtec.cat\/escolalavilapalamos\/wp-json\/wp\/v2\/media\/13461"}],"wp:attachment":[{"href":"https:\/\/agora.xtec.cat\/escolalavilapalamos\/wp-json\/wp\/v2\/media?parent=13460"}],"wp:term":[{"taxonomy":"category","embeddable":true,"href":"https:\/\/agora.xtec.cat\/escolalavilapalamos\/wp-json\/wp\/v2\/categories?post=13460"},{"taxonomy":"post_tag","embeddable":true,"href":"https:\/\/agora.xtec.cat\/escolalavilapalamos\/wp-json\/wp\/v2\/tags?post=13460"}],"curies":[{"name":"wp","href":"https:\/\/api.w.org\/{rel}","templated":true}]}}