{"id":13446,"date":"2023-05-04T10:01:35","date_gmt":"2023-05-04T08:01:35","guid":{"rendered":"https:\/\/agora.xtec.cat\/escolalavilapalamos\/?p=13446"},"modified":"2023-05-04T10:06:27","modified_gmt":"2023-05-04T08:06:27","slug":"5a-fira-del-conte-infantil-i-juvenil","status":"publish","type":"post","link":"https:\/\/agora.xtec.cat\/escolalavilapalamos\/general\/5a-fira-del-conte-infantil-i-juvenil\/","title":{"rendered":"5a Fira del conte Infantil i Juvenil"},"content":{"rendered":"<p><img loading=\"lazy\" decoding=\"async\" class=\"wp-image-13447 alignright\" src=\"https:\/\/agora.xtec.cat\/escolalavilapalamos\/wp-content\/uploads\/usu897\/2023\/05\/WhatsApp-Image-2023-05-03-at-08.38.26.jpeg\" alt=\"\" width=\"369\" height=\"522\" srcset=\"https:\/\/agora.xtec.cat\/escolalavilapalamos\/wp-content\/uploads\/usu897\/2023\/05\/WhatsApp-Image-2023-05-03-at-08.38.26.jpeg 946w, https:\/\/agora.xtec.cat\/escolalavilapalamos\/wp-content\/uploads\/usu897\/2023\/05\/WhatsApp-Image-2023-05-03-at-08.38.26-212x300.jpeg 212w, https:\/\/agora.xtec.cat\/escolalavilapalamos\/wp-content\/uploads\/usu897\/2023\/05\/WhatsApp-Image-2023-05-03-at-08.38.26-723x1024.jpeg 723w, https:\/\/agora.xtec.cat\/escolalavilapalamos\/wp-content\/uploads\/usu897\/2023\/05\/WhatsApp-Image-2023-05-03-at-08.38.26-768x1087.jpeg 768w\" sizes=\"auto, (max-width: 369px) 100vw, 369px\" \/><\/p>\n<div>\n<div>\n<p id=\"id__w71mybw68ps\" dir=\"auto\" lang=\"ca\">Arriba <strong>la 5a edici\u00f3 de la Fira del Conte de <a dir=\"ltr\" role=\"link\" href=\"https:\/\/twitter.com\/hashtag\/Palam\u00f3s?src=hashtag_click\">#Palam\u00f3s<\/a><\/strong>, aquest dissabte al passeig del Mar! Contacontes, tallers, presentacions de llibres, actuacions musicals i foodtrucks&#8230;<\/p>\n<p dir=\"auto\" lang=\"ca\">La fira estar\u00e0 oberta de les 11 del mat\u00ed a les 21h. En cas de mal temps es traslladar\u00e0 a la Nau dels 50 metres.<\/p>\n<p dir=\"auto\" lang=\"ca\">A les 19h s&#8217;entregaran els <strong>Premis Sant Jordi del CLER<\/strong> organitzat per la Biblioteca de Palam\u00f3s<\/p>\n<p dir=\"auto\" lang=\"ca\"><a href=\"https:\/\/agora.xtec.cat\/escolalavilapalamos\/wp-content\/uploads\/usu897\/2023\/05\/344823248_802639054781997_2062355267576871027_n.jpg\">Tota la informaci\u00f3 la trobareu aqu\u00ed<\/a><\/p>\n<\/div>\n<\/div>\n<p>Algunes de les activitats tenen places limitades.<\/p>\n<p>&nbsp;<\/p>\n","protected":false},"excerpt":{"rendered":"<p>Arriba la 5a edici\u00f3 de la Fira del Conte de <a dir=\"ltr\" role=\"link\" href=\"https:\/\/twitter.com\/hashtag\/Palam\u00f3s?src=hashtag_click\">#Palam\u00f3s<\/a>, aquest dissabte al passeig del Mar! Contacontes, tallers, presentacions de llibres, actuacions musicals i foodtrucks&#8230;<br \/>\nLa fira estar\u00e0 oberta de les 11 del mat\u00ed a les 21h. En cas de mal temps&hellip;  <a href=\"https:\/\/agora.xtec.cat\/escolalavilapalamos\/general\/5a-fira-del-conte-infantil-i-juvenil\/\" title=\"Read 5a Fira del conte Infantil i Juvenil\">Llegeix m\u00e9s\u00bb<\/a><\/p>\n","protected":false},"author":1,"featured_media":13447,"comment_status":"open","ping_status":"closed","sticky":false,"template":"","format":"standard","meta":{"_bbp_topic_count":0,"_bbp_reply_count":0,"_bbp_total_topic_count":0,"_bbp_total_reply_count":0,"_bbp_voice_count":0,"_bbp_anonymous_reply_count":0,"_bbp_topic_count_hidden":0,"_bbp_reply_count_hidden":0,"_bbp_forum_subforum_count":0,"footnotes":""},"categories":[1,4],"tags":[],"class_list":["post-13446","post","type-post","status-publish","format-standard","has-post-thumbnail","hentry","category-general","category-portada"],"post_mailing_queue_ids":[],"_links":{"self":[{"href":"https:\/\/agora.xtec.cat\/escolalavilapalamos\/wp-json\/wp\/v2\/posts\/13446","targetHints":{"allow":["GET"]}}],"collection":[{"href":"https:\/\/agora.xtec.cat\/escolalavilapalamos\/wp-json\/wp\/v2\/posts"}],"about":[{"href":"https:\/\/agora.xtec.cat\/escolalavilapalamos\/wp-json\/wp\/v2\/types\/post"}],"author":[{"embeddable":true,"href":"https:\/\/agora.xtec.cat\/escolalavilapalamos\/wp-json\/wp\/v2\/users\/1"}],"replies":[{"embeddable":true,"href":"https:\/\/agora.xtec.cat\/escolalavilapalamos\/wp-json\/wp\/v2\/comments?post=13446"}],"version-history":[{"count":3,"href":"https:\/\/agora.xtec.cat\/escolalavilapalamos\/wp-json\/wp\/v2\/posts\/13446\/revisions"}],"predecessor-version":[{"id":13459,"href":"https:\/\/agora.xtec.cat\/escolalavilapalamos\/wp-json\/wp\/v2\/posts\/13446\/revisions\/13459"}],"wp:featuredmedia":[{"embeddable":true,"href":"https:\/\/agora.xtec.cat\/escolalavilapalamos\/wp-json\/wp\/v2\/media\/13447"}],"wp:attachment":[{"href":"https:\/\/agora.xtec.cat\/escolalavilapalamos\/wp-json\/wp\/v2\/media?parent=13446"}],"wp:term":[{"taxonomy":"category","embeddable":true,"href":"https:\/\/agora.xtec.cat\/escolalavilapalamos\/wp-json\/wp\/v2\/categories?post=13446"},{"taxonomy":"post_tag","embeddable":true,"href":"https:\/\/agora.xtec.cat\/escolalavilapalamos\/wp-json\/wp\/v2\/tags?post=13446"}],"curies":[{"name":"wp","href":"https:\/\/api.w.org\/{rel}","templated":true}]}}