{"id":13428,"date":"2023-04-28T15:22:24","date_gmt":"2023-04-28T13:22:24","guid":{"rendered":"https:\/\/agora.xtec.cat\/escolalavilapalamos\/?p=13428"},"modified":"2023-04-28T15:23:07","modified_gmt":"2023-04-28T13:23:07","slug":"xx-trobada-de-corals-a-la-bisbal","status":"publish","type":"post","link":"https:\/\/agora.xtec.cat\/escolalavilapalamos\/portada\/xx-trobada-de-corals-a-la-bisbal\/","title":{"rendered":"XX Trobada de Corals a la Bisbal"},"content":{"rendered":"<p>El dimecres 26 s\u2019ha celebrat la <strong>XX Trobada de Corals d\u2019Educaci\u00f3 Infantil i Prim\u00e0ria<\/strong>, que anualment organitza el Departament d\u2019Educaci\u00f3, al Teatre Mundial de la Bisbal d\u2019Empord\u00e0. Aquest curs els alumnes de 4t han participat conjuntament amb diferents escoles del territori per posar en escena <strong>la cantata So de Lluna<\/strong>, producci\u00f3 dels serveis educatius del Camp d&#8217;Aprenentatge Pau Casals del Vendrell, juntament amb el Petit Taller de Can\u00e7ons (<em>PeTaCa<\/em>).<\/p>\n<p>Aquest segon trimestre hem estat practicant les 3 can\u00e7ons que hem cantat a la cantata. Ten\u00edem un gran repte, i \u00e9s que les can\u00e7ons no eren gens f\u00e0cils&#8230; per\u00f2 amb esfor\u00e7 i dedicaci\u00f3 el concert ha sortit rodat. La cantata compta amb onze can\u00e7ons per a veus infantils i una narraci\u00f3. Nosaltres hi hem participant cantat dues can\u00e7ons individualment: <em>Ll\u00e0grimes dels estels <\/em>i<em> L\u2019avui \u00e9s aqu\u00ed<\/em> i, per acabar el concert hem cantat tots junts la can\u00e7\u00f3: <em>Feli\u00e7orionak<\/em>. De fet, ens ha agradat tant que l\u2019estem fent servir per felicitar als nostres companys\/es quan fan anys a l&#8217;aula.<\/p>\n<p>Enhorabona a tots els i les alumnes de 4t, ho heu fet molt i molt b\u00e9!!\u00a0 A continuaci\u00f3 us deixem el v\u00eddeo amb l\u2019actuaci\u00f3 perqu\u00e8 ho pugueu gaudir tamb\u00e9 des de casa.<\/p>\n<p>Molt bona m\u00fasica a tothom!!<\/p>\n<p><iframe loading=\"lazy\" src=\"\/\/www.youtube.com\/embed\/F7ws3qFYFKs\" width=\"560\" height=\"314\"><\/iframe><\/p>\n","protected":false},"excerpt":{"rendered":"<p>El dimecres 26 s\u2019ha celebrat la XX Trobada de Corals d\u2019Educaci\u00f3 Infantil i Prim\u00e0ria, que anualment organitza el Departament d\u2019Educaci\u00f3, al Teatre Mundial de la Bisbal d\u2019Empord\u00e0. Aquest curs els alumnes de 4t han participat conjuntament amb diferents escoles del territori per posar en escena&hellip;  <a href=\"https:\/\/agora.xtec.cat\/escolalavilapalamos\/portada\/xx-trobada-de-corals-a-la-bisbal\/\" title=\"Read XX Trobada de Corals a la Bisbal\">Llegeix m\u00e9s\u00bb<\/a><\/p>\n","protected":false},"author":5,"featured_media":13431,"comment_status":"open","ping_status":"closed","sticky":false,"template":"","format":"standard","meta":{"_bbp_topic_count":0,"_bbp_reply_count":0,"_bbp_total_topic_count":0,"_bbp_total_reply_count":0,"_bbp_voice_count":0,"_bbp_anonymous_reply_count":0,"_bbp_topic_count_hidden":0,"_bbp_reply_count_hidden":0,"_bbp_forum_subforum_count":0,"footnotes":""},"categories":[68,4],"tags":[],"class_list":["post-13428","post","type-post","status-publish","format-standard","has-post-thumbnail","hentry","category-musica","category-portada"],"post_mailing_queue_ids":[],"_links":{"self":[{"href":"https:\/\/agora.xtec.cat\/escolalavilapalamos\/wp-json\/wp\/v2\/posts\/13428","targetHints":{"allow":["GET"]}}],"collection":[{"href":"https:\/\/agora.xtec.cat\/escolalavilapalamos\/wp-json\/wp\/v2\/posts"}],"about":[{"href":"https:\/\/agora.xtec.cat\/escolalavilapalamos\/wp-json\/wp\/v2\/types\/post"}],"author":[{"embeddable":true,"href":"https:\/\/agora.xtec.cat\/escolalavilapalamos\/wp-json\/wp\/v2\/users\/5"}],"replies":[{"embeddable":true,"href":"https:\/\/agora.xtec.cat\/escolalavilapalamos\/wp-json\/wp\/v2\/comments?post=13428"}],"version-history":[{"count":2,"href":"https:\/\/agora.xtec.cat\/escolalavilapalamos\/wp-json\/wp\/v2\/posts\/13428\/revisions"}],"predecessor-version":[{"id":13433,"href":"https:\/\/agora.xtec.cat\/escolalavilapalamos\/wp-json\/wp\/v2\/posts\/13428\/revisions\/13433"}],"wp:featuredmedia":[{"embeddable":true,"href":"https:\/\/agora.xtec.cat\/escolalavilapalamos\/wp-json\/wp\/v2\/media\/13431"}],"wp:attachment":[{"href":"https:\/\/agora.xtec.cat\/escolalavilapalamos\/wp-json\/wp\/v2\/media?parent=13428"}],"wp:term":[{"taxonomy":"category","embeddable":true,"href":"https:\/\/agora.xtec.cat\/escolalavilapalamos\/wp-json\/wp\/v2\/categories?post=13428"},{"taxonomy":"post_tag","embeddable":true,"href":"https:\/\/agora.xtec.cat\/escolalavilapalamos\/wp-json\/wp\/v2\/tags?post=13428"}],"curies":[{"name":"wp","href":"https:\/\/api.w.org\/{rel}","templated":true}]}}