{"id":13423,"date":"2023-04-28T09:35:51","date_gmt":"2023-04-28T07:35:51","guid":{"rendered":"https:\/\/agora.xtec.cat\/escolalavilapalamos\/?p=13423"},"modified":"2023-04-28T09:38:44","modified_gmt":"2023-04-28T07:38:44","slug":"casals-destiu-municipals-2023","status":"publish","type":"post","link":"https:\/\/agora.xtec.cat\/escolalavilapalamos\/general\/casals-destiu-municipals-2023\/","title":{"rendered":"Casals d&#8217;estiu municipals 2023"},"content":{"rendered":"<p><img loading=\"lazy\" decoding=\"async\" class=\"alignright wp-image-13425 \" src=\"https:\/\/agora.xtec.cat\/escolalavilapalamos\/wp-content\/uploads\/usu897\/2023\/04\/Imatge-La-Vila_20230428_085749_001.jpg\" alt=\"\" width=\"290\" height=\"411\" srcset=\"https:\/\/agora.xtec.cat\/escolalavilapalamos\/wp-content\/uploads\/usu897\/2023\/04\/Imatge-La-Vila_20230428_085749_001.jpg 1165w, https:\/\/agora.xtec.cat\/escolalavilapalamos\/wp-content\/uploads\/usu897\/2023\/04\/Imatge-La-Vila_20230428_085749_001-211x300.jpg 211w, https:\/\/agora.xtec.cat\/escolalavilapalamos\/wp-content\/uploads\/usu897\/2023\/04\/Imatge-La-Vila_20230428_085749_001-722x1024.jpg 722w, https:\/\/agora.xtec.cat\/escolalavilapalamos\/wp-content\/uploads\/usu897\/2023\/04\/Imatge-La-Vila_20230428_085749_001-768x1090.jpg 768w, https:\/\/agora.xtec.cat\/escolalavilapalamos\/wp-content\/uploads\/usu897\/2023\/04\/Imatge-La-Vila_20230428_085749_001-1083x1536.jpg 1083w\" sizes=\"auto, (max-width: 290px) 100vw, 290px\" \/>El proper estiu Palam\u00f3s gaudir\u00e0 de dos casals, <strong>el <em>Casal d&#8217;estiu<\/em><\/strong> i <strong>el <em>Casal esportiu<\/em><\/strong>. Ambd\u00f3s es portaran a terme delm 3 de juliol al 31 d&#8217;agost. Horari de 9 a 13 h.<\/p>\n<p>El <em>casal d&#8217;estiu<\/em> est\u00e0 adre\u00e7at a nens i nenes nascuts del 2011 al 2019 i <em>el casal esportiu<\/em> a nois i noies nascuts del 2011 al 2016. Hi ha servei de menjador (13 a 15h), acollida matinal (8 a 9 h) i acollida de tarda (de 15 a 17h)<\/p>\n<p>Pre-inscripcions del 8 al 12 de maig pel formulari online <a href=\"http:\/\/www.palamos.cat\/casals\">www.palamos.cat\/casals<\/a>. El 22 de maig es confirmar\u00e0 l&#8217;assignaci\u00f3 de places per email.<\/p>\n<p><a href=\"https:\/\/drive.google.com\/file\/d\/1WGqAPyl9C4lSu0jenYDPg9EovkLhMzSZ\/view?usp=sharing\">Us podeu descarregar la informaci\u00f3 aqu\u00ed<\/a>. <strong>Reuni\u00f3 informativa el dimarts 27 de juny al Punt Jove (Galeries Carme)<br \/>\n<\/strong><\/p>\n<p>M\u00e9s informaci\u00f3 al Punt Jove Palam\u00f3s. Departament de Joventut C\/ D\u00eddac Garrell, 10 &#8211; 1r 17230 Palam\u00f3s. Tel\u00e8fon 972313739 <a href=\"mailto:espai.jove@palamos.cat\">espai.jove@palamos.cat<\/a>\u00a0 <a href=\"mailto:joventut@palamos.cat\">joventut@palamos.cat<\/a><\/p>\n<p>&nbsp;<\/p>\n","protected":false},"excerpt":{"rendered":"<p>El proper estiu Palam\u00f3s gaudir\u00e0 de dos casals, el Casal d&#8217;estiu i el Casal esportiu. Ambd\u00f3s es portaran a terme delm 3 de juliol al 31 d&#8217;agost. Horari de 9 a 13 h.<br \/>\nEl casal d&#8217;estiu est\u00e0 adre\u00e7at a nens i nenes nascuts del 2011 al&hellip;  <a href=\"https:\/\/agora.xtec.cat\/escolalavilapalamos\/general\/casals-destiu-municipals-2023\/\" title=\"Read Casals d&#8217;estiu municipals 2023\">Llegeix m\u00e9s\u00bb<\/a><\/p>\n","protected":false},"author":1,"featured_media":13425,"comment_status":"open","ping_status":"closed","sticky":false,"template":"","format":"standard","meta":{"_bbp_topic_count":0,"_bbp_reply_count":0,"_bbp_total_topic_count":0,"_bbp_total_reply_count":0,"_bbp_voice_count":0,"_bbp_anonymous_reply_count":0,"_bbp_topic_count_hidden":0,"_bbp_reply_count_hidden":0,"_bbp_forum_subforum_count":0,"footnotes":""},"categories":[1,4],"tags":[],"class_list":["post-13423","post","type-post","status-publish","format-standard","has-post-thumbnail","hentry","category-general","category-portada"],"post_mailing_queue_ids":[],"_links":{"self":[{"href":"https:\/\/agora.xtec.cat\/escolalavilapalamos\/wp-json\/wp\/v2\/posts\/13423","targetHints":{"allow":["GET"]}}],"collection":[{"href":"https:\/\/agora.xtec.cat\/escolalavilapalamos\/wp-json\/wp\/v2\/posts"}],"about":[{"href":"https:\/\/agora.xtec.cat\/escolalavilapalamos\/wp-json\/wp\/v2\/types\/post"}],"author":[{"embeddable":true,"href":"https:\/\/agora.xtec.cat\/escolalavilapalamos\/wp-json\/wp\/v2\/users\/1"}],"replies":[{"embeddable":true,"href":"https:\/\/agora.xtec.cat\/escolalavilapalamos\/wp-json\/wp\/v2\/comments?post=13423"}],"version-history":[{"count":3,"href":"https:\/\/agora.xtec.cat\/escolalavilapalamos\/wp-json\/wp\/v2\/posts\/13423\/revisions"}],"predecessor-version":[{"id":13427,"href":"https:\/\/agora.xtec.cat\/escolalavilapalamos\/wp-json\/wp\/v2\/posts\/13423\/revisions\/13427"}],"wp:featuredmedia":[{"embeddable":true,"href":"https:\/\/agora.xtec.cat\/escolalavilapalamos\/wp-json\/wp\/v2\/media\/13425"}],"wp:attachment":[{"href":"https:\/\/agora.xtec.cat\/escolalavilapalamos\/wp-json\/wp\/v2\/media?parent=13423"}],"wp:term":[{"taxonomy":"category","embeddable":true,"href":"https:\/\/agora.xtec.cat\/escolalavilapalamos\/wp-json\/wp\/v2\/categories?post=13423"},{"taxonomy":"post_tag","embeddable":true,"href":"https:\/\/agora.xtec.cat\/escolalavilapalamos\/wp-json\/wp\/v2\/tags?post=13423"}],"curies":[{"name":"wp","href":"https:\/\/api.w.org\/{rel}","templated":true}]}}