{"id":13420,"date":"2023-04-25T12:05:25","date_gmt":"2023-04-25T10:05:25","guid":{"rendered":"https:\/\/agora.xtec.cat\/escolalavilapalamos\/?p=13420"},"modified":"2023-05-03T12:05:46","modified_gmt":"2023-05-03T10:05:46","slug":"sant-jordi-a-l-aula-dacollida","status":"publish","type":"post","link":"https:\/\/agora.xtec.cat\/escolalavilapalamos\/general\/sant-jordi-a-l-aula-dacollida\/","title":{"rendered":"Sant Jordi a l&#8217; Aula d&#8217;acollida"},"content":{"rendered":"<p><span style=\"font-weight: 400;\"><img loading=\"lazy\" decoding=\"async\" class=\"alignright wp-image-13449 \" src=\"https:\/\/agora.xtec.cat\/escolalavilapalamos\/wp-content\/uploads\/usu897\/2023\/05\/WhatsApp-Image-2023-05-03-at-10.49.26.jpeg\" alt=\"\" width=\"328\" height=\"439\" srcset=\"https:\/\/agora.xtec.cat\/escolalavilapalamos\/wp-content\/uploads\/usu897\/2023\/05\/WhatsApp-Image-2023-05-03-at-10.49.26.jpeg 1532w, https:\/\/agora.xtec.cat\/escolalavilapalamos\/wp-content\/uploads\/usu897\/2023\/05\/WhatsApp-Image-2023-05-03-at-10.49.26-224x300.jpeg 224w, https:\/\/agora.xtec.cat\/escolalavilapalamos\/wp-content\/uploads\/usu897\/2023\/05\/WhatsApp-Image-2023-05-03-at-10.49.26-766x1024.jpeg 766w, https:\/\/agora.xtec.cat\/escolalavilapalamos\/wp-content\/uploads\/usu897\/2023\/05\/WhatsApp-Image-2023-05-03-at-10.49.26-768x1027.jpeg 768w, https:\/\/agora.xtec.cat\/escolalavilapalamos\/wp-content\/uploads\/usu897\/2023\/05\/WhatsApp-Image-2023-05-03-at-10.49.26-1149x1536.jpeg 1149w\" sizes=\"auto, (max-width: 328px) 100vw, 328px\" \/>Com a la resta de l\u2019escola, <strong>a l\u2019aula d\u2019acollida hem treballat la festa de Sant Jordi<\/strong> i hem portat a terme algunes activitats relacionades amb aquesta diada tan especial i tan important a Catalunya.<\/span><\/p>\n<p><span style=\"font-weight: 400;\">Primer vam comen\u00e7ar demanant a l\u2019alumnat si alg\u00fa coneixia la llegenda i, com que la majoria no en tenien coneixement, vam veure a YouTube un v\u00eddeo curt que explicava la llegenda de Sant Jordi i tamb\u00e9 la vam llegir. A partir d\u2019aqu\u00ed, vam iniciar una conversa sobre el significat que t\u00e9 per nosaltres aquesta festa i el que representa. Vam parlar de les roses, dels llibres, dels contes, del qu\u00e8 \u00e9s una llegenda, sobre qui era el cavaller Sant Jordi\u2026<\/span><\/p>\n<p><span style=\"font-weight: 400;\">Posteriorment, cadasc\u00fa, de manera individual, ha triat quina mena de treball literari volia realitzar: poema, llegenda, conte, dita\u2026 El resultat? Unes obres ben originals i maques que els infants han gaudit molt i de les quals han quedat ben contents.\u00a0<\/span><\/p>\n","protected":false},"excerpt":{"rendered":"<p>Com a la resta de l\u2019escola, a l\u2019aula d\u2019acollida hem treballat la festa de Sant Jordi i hem portat a terme algunes activitats relacionades amb aquesta diada tan especial i tan important a Catalunya.<br \/>\nPrimer vam comen\u00e7ar demanant a l\u2019alumnat si alg\u00fa coneixia la llegenda i,&hellip;  <a href=\"https:\/\/agora.xtec.cat\/escolalavilapalamos\/general\/sant-jordi-a-l-aula-dacollida\/\" title=\"Read Sant Jordi a l&#8217; Aula d&#8217;acollida\">Llegeix m\u00e9s\u00bb<\/a><\/p>\n","protected":false},"author":17,"featured_media":13449,"comment_status":"open","ping_status":"closed","sticky":false,"template":"","format":"standard","meta":{"_bbp_topic_count":0,"_bbp_reply_count":0,"_bbp_total_topic_count":0,"_bbp_total_reply_count":0,"_bbp_voice_count":0,"_bbp_anonymous_reply_count":0,"_bbp_topic_count_hidden":0,"_bbp_reply_count_hidden":0,"_bbp_forum_subforum_count":0,"footnotes":""},"categories":[1,4],"tags":[],"class_list":["post-13420","post","type-post","status-publish","format-standard","has-post-thumbnail","hentry","category-general","category-portada"],"post_mailing_queue_ids":[],"_links":{"self":[{"href":"https:\/\/agora.xtec.cat\/escolalavilapalamos\/wp-json\/wp\/v2\/posts\/13420","targetHints":{"allow":["GET"]}}],"collection":[{"href":"https:\/\/agora.xtec.cat\/escolalavilapalamos\/wp-json\/wp\/v2\/posts"}],"about":[{"href":"https:\/\/agora.xtec.cat\/escolalavilapalamos\/wp-json\/wp\/v2\/types\/post"}],"author":[{"embeddable":true,"href":"https:\/\/agora.xtec.cat\/escolalavilapalamos\/wp-json\/wp\/v2\/users\/17"}],"replies":[{"embeddable":true,"href":"https:\/\/agora.xtec.cat\/escolalavilapalamos\/wp-json\/wp\/v2\/comments?post=13420"}],"version-history":[{"count":2,"href":"https:\/\/agora.xtec.cat\/escolalavilapalamos\/wp-json\/wp\/v2\/posts\/13420\/revisions"}],"predecessor-version":[{"id":13450,"href":"https:\/\/agora.xtec.cat\/escolalavilapalamos\/wp-json\/wp\/v2\/posts\/13420\/revisions\/13450"}],"wp:featuredmedia":[{"embeddable":true,"href":"https:\/\/agora.xtec.cat\/escolalavilapalamos\/wp-json\/wp\/v2\/media\/13449"}],"wp:attachment":[{"href":"https:\/\/agora.xtec.cat\/escolalavilapalamos\/wp-json\/wp\/v2\/media?parent=13420"}],"wp:term":[{"taxonomy":"category","embeddable":true,"href":"https:\/\/agora.xtec.cat\/escolalavilapalamos\/wp-json\/wp\/v2\/categories?post=13420"},{"taxonomy":"post_tag","embeddable":true,"href":"https:\/\/agora.xtec.cat\/escolalavilapalamos\/wp-json\/wp\/v2\/tags?post=13420"}],"curies":[{"name":"wp","href":"https:\/\/api.w.org\/{rel}","templated":true}]}}