{"id":13415,"date":"2023-04-27T15:17:49","date_gmt":"2023-04-27T13:17:49","guid":{"rendered":"https:\/\/agora.xtec.cat\/escolalavilapalamos\/?p=13415"},"modified":"2023-05-08T15:23:21","modified_gmt":"2023-05-08T13:23:21","slug":"6e-visitem-el-cosmocaixa","status":"publish","type":"post","link":"https:\/\/agora.xtec.cat\/escolalavilapalamos\/general\/6e-visitem-el-cosmocaixa\/","title":{"rendered":"6\u00e8 visitem el CosmoCaixa"},"content":{"rendered":"<p>El dilluns 24 d\u2019abril, 6\u00e8 vam fer una sortida xul\u00edssima al CosmoCaixa.<img loading=\"lazy\" decoding=\"async\" class=\"wp-image-13520 alignright\" src=\"https:\/\/agora.xtec.cat\/escolalavilapalamos\/wp-content\/uploads\/usu897\/2023\/04\/A7181FEE-7BAE-45F9-91E2-8DD2F36887F5.jpeg\" alt=\"\" width=\"473\" height=\"355\" srcset=\"https:\/\/agora.xtec.cat\/escolalavilapalamos\/wp-content\/uploads\/usu897\/2023\/04\/A7181FEE-7BAE-45F9-91E2-8DD2F36887F5.jpeg 1236w, https:\/\/agora.xtec.cat\/escolalavilapalamos\/wp-content\/uploads\/usu897\/2023\/04\/A7181FEE-7BAE-45F9-91E2-8DD2F36887F5-300x225.jpeg 300w, https:\/\/agora.xtec.cat\/escolalavilapalamos\/wp-content\/uploads\/usu897\/2023\/04\/A7181FEE-7BAE-45F9-91E2-8DD2F36887F5-1024x768.jpeg 1024w, https:\/\/agora.xtec.cat\/escolalavilapalamos\/wp-content\/uploads\/usu897\/2023\/04\/A7181FEE-7BAE-45F9-91E2-8DD2F36887F5-768x576.jpeg 768w, https:\/\/agora.xtec.cat\/escolalavilapalamos\/wp-content\/uploads\/usu897\/2023\/04\/A7181FEE-7BAE-45F9-91E2-8DD2F36887F5-200x150.jpeg 200w\" sizes=\"auto, (max-width: 473px) 100vw, 473px\" \/><\/p>\n<p>Com que hem estat treballant l\u2019electricitat vam realitzar un taller sobre circuits electr\u00f2nics que ens va servir per ampliar tot all\u00f2 que hav\u00edem apr\u00e8s a classe. A part del taller, tamb\u00e9 vam visitar el museu, que, per cert, ens va encantar!\u00a0 Vam poder entendre una mica m\u00e9s i de forma visual i manipulativa molts dels continguts cient\u00edfics treballats al llarg d\u2019aquests anys a l\u2019escola.<\/p>\n<ul>\n<li>Sab\u00edeu que els estats de la mat\u00e8ria no s\u00f3n tres, s\u00f3n molts m\u00e9s?<\/li>\n<li>Heu vist mai un capibara?<\/li>\n<li>Heu tingut l&#8217;oportunitat de jugar una partida al memori contra un robot?<\/li>\n<\/ul>\n<p>Si cliqueu sobre la imatge, podreu veure totes les fotos de la sortida. <a href=\"https:\/\/photos.app.goo.gl\/ZngYAsd3NQuuJD9f6\"><img loading=\"lazy\" decoding=\"async\" class=\"aligncenter\" src=\"https:\/\/previews.123rf.com\/images\/sabelskaya\/sabelskaya1702\/sabelskaya170200669\/72175920-pel%C3%ADcula-cl%C3%A1sica-carrete-de-cine-ilustraci%C3%B3n-de-estilo-de-dibujo-aislado-sobre-fondo-blanco.jpg\" alt=\"Classical motion picture, cinema film reel, sketch style illustration isolated on white background. Hand drawn film reel, cinema object, footage material - 72175920\" width=\"103\" height=\"103\" \/><\/a><\/p>\n<p>&nbsp;<\/p>\n","protected":false},"excerpt":{"rendered":"<p>El dilluns 24 d\u2019abril, 6\u00e8 vam fer una sortida xul\u00edssima al CosmoCaixa.<br \/>\nCom que hem estat treballant l\u2019electricitat vam realitzar un taller sobre circuits electr\u00f2nics que ens va servir per ampliar tot all\u00f2 que hav\u00edem apr\u00e8s a classe. A part del taller, tamb\u00e9 vam visitar el&hellip;  <a href=\"https:\/\/agora.xtec.cat\/escolalavilapalamos\/general\/6e-visitem-el-cosmocaixa\/\" title=\"Read 6\u00e8 visitem el CosmoCaixa\">Llegeix m\u00e9s\u00bb<\/a><\/p>\n","protected":false},"author":132,"featured_media":13416,"comment_status":"open","ping_status":"closed","sticky":false,"template":"","format":"standard","meta":{"_bbp_topic_count":0,"_bbp_reply_count":0,"_bbp_total_topic_count":0,"_bbp_total_reply_count":0,"_bbp_voice_count":0,"_bbp_anonymous_reply_count":0,"_bbp_topic_count_hidden":0,"_bbp_reply_count_hidden":0,"_bbp_forum_subforum_count":0,"footnotes":""},"categories":[128,1,4],"tags":[],"class_list":["post-13415","post","type-post","status-publish","format-standard","has-post-thumbnail","hentry","category-comunitat-de-grans","category-general","category-portada"],"post_mailing_queue_ids":[],"_links":{"self":[{"href":"https:\/\/agora.xtec.cat\/escolalavilapalamos\/wp-json\/wp\/v2\/posts\/13415","targetHints":{"allow":["GET"]}}],"collection":[{"href":"https:\/\/agora.xtec.cat\/escolalavilapalamos\/wp-json\/wp\/v2\/posts"}],"about":[{"href":"https:\/\/agora.xtec.cat\/escolalavilapalamos\/wp-json\/wp\/v2\/types\/post"}],"author":[{"embeddable":true,"href":"https:\/\/agora.xtec.cat\/escolalavilapalamos\/wp-json\/wp\/v2\/users\/132"}],"replies":[{"embeddable":true,"href":"https:\/\/agora.xtec.cat\/escolalavilapalamos\/wp-json\/wp\/v2\/comments?post=13415"}],"version-history":[{"count":3,"href":"https:\/\/agora.xtec.cat\/escolalavilapalamos\/wp-json\/wp\/v2\/posts\/13415\/revisions"}],"predecessor-version":[{"id":13522,"href":"https:\/\/agora.xtec.cat\/escolalavilapalamos\/wp-json\/wp\/v2\/posts\/13415\/revisions\/13522"}],"wp:featuredmedia":[{"embeddable":true,"href":"https:\/\/agora.xtec.cat\/escolalavilapalamos\/wp-json\/wp\/v2\/media\/13416"}],"wp:attachment":[{"href":"https:\/\/agora.xtec.cat\/escolalavilapalamos\/wp-json\/wp\/v2\/media?parent=13415"}],"wp:term":[{"taxonomy":"category","embeddable":true,"href":"https:\/\/agora.xtec.cat\/escolalavilapalamos\/wp-json\/wp\/v2\/categories?post=13415"},{"taxonomy":"post_tag","embeddable":true,"href":"https:\/\/agora.xtec.cat\/escolalavilapalamos\/wp-json\/wp\/v2\/tags?post=13415"}],"curies":[{"name":"wp","href":"https:\/\/api.w.org\/{rel}","templated":true}]}}