{"id":13410,"date":"2023-04-28T08:00:11","date_gmt":"2023-04-28T06:00:11","guid":{"rendered":"https:\/\/agora.xtec.cat\/escolalavilapalamos\/?p=13410"},"modified":"2023-04-26T15:02:29","modified_gmt":"2023-04-26T13:02:29","slug":"viatge-de-final-de-curs-de-6e-segon-pagament","status":"publish","type":"post","link":"https:\/\/agora.xtec.cat\/escolalavilapalamos\/portada\/viatge-de-final-de-curs-de-6e-segon-pagament\/","title":{"rendered":"Viatge de final de curs de 6\u00e8. Segon pagament"},"content":{"rendered":"<p><img loading=\"lazy\" decoding=\"async\" class=\" wp-image-6437 alignright\" src=\"https:\/\/agora.xtec.cat\/escolalavilapalamos\/wp-content\/uploads\/usu897\/2019\/10\/portaventura-park_00_mini.png\" alt=\"\" width=\"438\" height=\"291\" srcset=\"https:\/\/agora.xtec.cat\/escolalavilapalamos\/wp-content\/uploads\/usu897\/2019\/10\/portaventura-park_00_mini.png 688w, https:\/\/agora.xtec.cat\/escolalavilapalamos\/wp-content\/uploads\/usu897\/2019\/10\/portaventura-park_00_mini-300x200.png 300w\" sizes=\"auto, (max-width: 438px) 100vw, 438px\" \/><\/p>\n<p>Aquest any anirem de <strong>viatge de final de curs<\/strong> a Coma-ruga i Port Aventura, <strong>els dies 31 de maig, 1 i 2 de juny de 2023.<\/strong><\/p>\n<p>La col\u00b7laboraci\u00f3 de les fam\u00edlies en les activitats organitzades al llarg del curs passat ha fet que el viatge surti m\u00e9s econ\u00f2mic. Tamb\u00e9 comptem amb l&#8217;ajut de l&#8217; AMPA que ens cobreix el transport. <strong>El preu total ser\u00e0 de 60\u20ac i ho repartim amb dos pagaments<\/strong>. El preu inclou: autocar, estada de dos dies a l&#8217;hotel amb pensi\u00f3 completa, monitoratge, activitats esportives, trasllat, entrada i dinar a Port Aventura .<\/p>\n<p><strong>El segon pagament \u00e9s de 30<span class=\"\">\u20ac. Cal fer l&#8217;ingr\u00e9s de l&#8217;1 al 8 de maig de 2023.<br \/>\n<\/span><\/strong><\/p>\n<p>S&#8217;ha de retornar el resguard de pagament a l&#8217;escola. <a href=\"https:\/\/drive.google.com\/file\/d\/19oX9MC-bI9OjUBMsa9VXEAs_uUnLKHnK\/view?usp=sharing\">Us podeu descarregar la circular aqu\u00ed<\/a><\/p>\n","protected":false},"excerpt":{"rendered":"<p>Aquest any anirem de viatge de final de curs a Coma-ruga i Port Aventura, els dies 31 de maig, 1 i 2 de juny de 2023.<br \/>\nLa col\u00b7laboraci\u00f3 de les fam\u00edlies en les activitats organitzades al llarg del curs passat ha fet que el viatge surti&hellip;  <a href=\"https:\/\/agora.xtec.cat\/escolalavilapalamos\/portada\/viatge-de-final-de-curs-de-6e-segon-pagament\/\" title=\"Read Viatge de final de curs de 6\u00e8. Segon pagament\">Llegeix m\u00e9s\u00bb<\/a><\/p>\n","protected":false},"author":1,"featured_media":6437,"comment_status":"open","ping_status":"closed","sticky":false,"template":"","format":"standard","meta":{"_bbp_topic_count":0,"_bbp_reply_count":0,"_bbp_total_topic_count":0,"_bbp_total_reply_count":0,"_bbp_voice_count":0,"_bbp_anonymous_reply_count":0,"_bbp_topic_count_hidden":0,"_bbp_reply_count_hidden":0,"_bbp_forum_subforum_count":0,"footnotes":""},"categories":[128,4],"tags":[],"class_list":["post-13410","post","type-post","status-publish","format-standard","has-post-thumbnail","hentry","category-comunitat-de-grans","category-portada"],"post_mailing_queue_ids":[],"_links":{"self":[{"href":"https:\/\/agora.xtec.cat\/escolalavilapalamos\/wp-json\/wp\/v2\/posts\/13410","targetHints":{"allow":["GET"]}}],"collection":[{"href":"https:\/\/agora.xtec.cat\/escolalavilapalamos\/wp-json\/wp\/v2\/posts"}],"about":[{"href":"https:\/\/agora.xtec.cat\/escolalavilapalamos\/wp-json\/wp\/v2\/types\/post"}],"author":[{"embeddable":true,"href":"https:\/\/agora.xtec.cat\/escolalavilapalamos\/wp-json\/wp\/v2\/users\/1"}],"replies":[{"embeddable":true,"href":"https:\/\/agora.xtec.cat\/escolalavilapalamos\/wp-json\/wp\/v2\/comments?post=13410"}],"version-history":[{"count":3,"href":"https:\/\/agora.xtec.cat\/escolalavilapalamos\/wp-json\/wp\/v2\/posts\/13410\/revisions"}],"predecessor-version":[{"id":13413,"href":"https:\/\/agora.xtec.cat\/escolalavilapalamos\/wp-json\/wp\/v2\/posts\/13410\/revisions\/13413"}],"wp:featuredmedia":[{"embeddable":true,"href":"https:\/\/agora.xtec.cat\/escolalavilapalamos\/wp-json\/wp\/v2\/media\/6437"}],"wp:attachment":[{"href":"https:\/\/agora.xtec.cat\/escolalavilapalamos\/wp-json\/wp\/v2\/media?parent=13410"}],"wp:term":[{"taxonomy":"category","embeddable":true,"href":"https:\/\/agora.xtec.cat\/escolalavilapalamos\/wp-json\/wp\/v2\/categories?post=13410"},{"taxonomy":"post_tag","embeddable":true,"href":"https:\/\/agora.xtec.cat\/escolalavilapalamos\/wp-json\/wp\/v2\/tags?post=13410"}],"curies":[{"name":"wp","href":"https:\/\/api.w.org\/{rel}","templated":true}]}}