{"id":13406,"date":"2023-04-19T12:51:07","date_gmt":"2023-04-19T10:51:07","guid":{"rendered":"https:\/\/agora.xtec.cat\/escolalavilapalamos\/?p=13406"},"modified":"2023-04-26T12:52:28","modified_gmt":"2023-04-26T10:52:28","slug":"colonies-mitjans-al-ginebro-a-vilopriu","status":"publish","type":"post","link":"https:\/\/agora.xtec.cat\/escolalavilapalamos\/general\/colonies-mitjans-al-ginebro-a-vilopriu\/","title":{"rendered":"Col\u00f2nies mitjans al Ginebr\u00f3 a Vilopriu"},"content":{"rendered":"<p><img loading=\"lazy\" decoding=\"async\" class=\"wp-image-13407  alignright\" src=\"https:\/\/agora.xtec.cat\/escolalavilapalamos\/wp-content\/uploads\/usu897\/2023\/04\/reduit-scaled.jpg\" alt=\"\" width=\"498\" height=\"373\" srcset=\"https:\/\/agora.xtec.cat\/escolalavilapalamos\/wp-content\/uploads\/usu897\/2023\/04\/reduit-scaled.jpg 2560w, https:\/\/agora.xtec.cat\/escolalavilapalamos\/wp-content\/uploads\/usu897\/2023\/04\/reduit-300x225.jpg 300w, https:\/\/agora.xtec.cat\/escolalavilapalamos\/wp-content\/uploads\/usu897\/2023\/04\/reduit-1024x768.jpg 1024w, https:\/\/agora.xtec.cat\/escolalavilapalamos\/wp-content\/uploads\/usu897\/2023\/04\/reduit-768x576.jpg 768w, https:\/\/agora.xtec.cat\/escolalavilapalamos\/wp-content\/uploads\/usu897\/2023\/04\/reduit-1536x1152.jpg 1536w, https:\/\/agora.xtec.cat\/escolalavilapalamos\/wp-content\/uploads\/usu897\/2023\/04\/reduit-2048x1536.jpg 2048w, https:\/\/agora.xtec.cat\/escolalavilapalamos\/wp-content\/uploads\/usu897\/2023\/04\/reduit-200x150.jpg 200w\" sizes=\"auto, (max-width: 498px) 100vw, 498px\" \/>La comunitat de mitjans, els dies 17 i 18 d\u2019abril, vam anar de col\u00f2nies al Ginebr\u00f3 de Vilopriu. Vam fer un munt d&#8217;activitat que giraven al voltant de les tem\u00e0tiques &#8220;El follet Ginebr\u00f3&#8221; a 1r i 2n i els &#8220;Pirates&#8221; a 3r. Aquestes eren ben diverses: escalada, una excursi\u00f3 per descobrir les plantes de l&#8217;entorn, un parc d&#8217;obstacles, creaci\u00f3 de bossetes de roman\u00ed o un mocador de pirata&#8230; sense oblidar el joc de nit i la discoteca!<\/p>\n<p>El temps i l&#8217;entorn van ser immillorables, per\u00f2 el millor de les col\u00f2nies\u00a0 sempre \u00e9s poder compartir temps i viv\u00e8ncies amb els companys i companyes!<\/p>\n<p>Aqu\u00ed us deixem un recull de <a href=\"https:\/\/photos.app.goo.gl\/4xVvk4bSy3UuLE2H9\">fotografies<\/a>.<\/p>\n","protected":false},"excerpt":{"rendered":"<p>La comunitat de mitjans, els dies 17 i 18 d\u2019abril, vam anar de col\u00f2nies al Ginebr\u00f3 de Vilopriu. Vam fer un munt d&#8217;activitat que giraven al voltant de les tem\u00e0tiques &#8220;El follet Ginebr\u00f3&#8221; a 1r i 2n i els &#8220;Pirates&#8221; a 3r. Aquestes eren ben&hellip;  <a href=\"https:\/\/agora.xtec.cat\/escolalavilapalamos\/general\/colonies-mitjans-al-ginebro-a-vilopriu\/\" title=\"Read Col\u00f2nies mitjans al Ginebr\u00f3 a Vilopriu\">Llegeix m\u00e9s\u00bb<\/a><\/p>\n","protected":false},"author":131,"featured_media":13407,"comment_status":"open","ping_status":"closed","sticky":false,"template":"","format":"standard","meta":{"_bbp_topic_count":0,"_bbp_reply_count":0,"_bbp_total_topic_count":0,"_bbp_total_reply_count":0,"_bbp_voice_count":0,"_bbp_anonymous_reply_count":0,"_bbp_topic_count_hidden":0,"_bbp_reply_count_hidden":0,"_bbp_forum_subforum_count":0,"footnotes":""},"categories":[127,1,4,5],"tags":[],"class_list":["post-13406","post","type-post","status-publish","format-standard","has-post-thumbnail","hentry","category-comunitat-de-mitjans","category-general","category-portada","category-primaria"],"post_mailing_queue_ids":[],"_links":{"self":[{"href":"https:\/\/agora.xtec.cat\/escolalavilapalamos\/wp-json\/wp\/v2\/posts\/13406","targetHints":{"allow":["GET"]}}],"collection":[{"href":"https:\/\/agora.xtec.cat\/escolalavilapalamos\/wp-json\/wp\/v2\/posts"}],"about":[{"href":"https:\/\/agora.xtec.cat\/escolalavilapalamos\/wp-json\/wp\/v2\/types\/post"}],"author":[{"embeddable":true,"href":"https:\/\/agora.xtec.cat\/escolalavilapalamos\/wp-json\/wp\/v2\/users\/131"}],"replies":[{"embeddable":true,"href":"https:\/\/agora.xtec.cat\/escolalavilapalamos\/wp-json\/wp\/v2\/comments?post=13406"}],"version-history":[{"count":2,"href":"https:\/\/agora.xtec.cat\/escolalavilapalamos\/wp-json\/wp\/v2\/posts\/13406\/revisions"}],"predecessor-version":[{"id":13409,"href":"https:\/\/agora.xtec.cat\/escolalavilapalamos\/wp-json\/wp\/v2\/posts\/13406\/revisions\/13409"}],"wp:featuredmedia":[{"embeddable":true,"href":"https:\/\/agora.xtec.cat\/escolalavilapalamos\/wp-json\/wp\/v2\/media\/13407"}],"wp:attachment":[{"href":"https:\/\/agora.xtec.cat\/escolalavilapalamos\/wp-json\/wp\/v2\/media?parent=13406"}],"wp:term":[{"taxonomy":"category","embeddable":true,"href":"https:\/\/agora.xtec.cat\/escolalavilapalamos\/wp-json\/wp\/v2\/categories?post=13406"},{"taxonomy":"post_tag","embeddable":true,"href":"https:\/\/agora.xtec.cat\/escolalavilapalamos\/wp-json\/wp\/v2\/tags?post=13406"}],"curies":[{"name":"wp","href":"https:\/\/api.w.org\/{rel}","templated":true}]}}