{"id":13397,"date":"2023-04-22T10:53:46","date_gmt":"2023-04-22T08:53:46","guid":{"rendered":"https:\/\/agora.xtec.cat\/escolalavilapalamos\/?p=13397"},"modified":"2023-04-26T10:54:20","modified_gmt":"2023-04-26T08:54:20","slug":"colonies-i4-i-i5-a-can-maiol","status":"publish","type":"post","link":"https:\/\/agora.xtec.cat\/escolalavilapalamos\/general\/colonies-i4-i-i5-a-can-maiol\/","title":{"rendered":"COL\u00d2NIES I4 i I5 a Can Maiol"},"content":{"rendered":"<p>Els infants d&#8217;I4 i I5, el passat dijous 20 i divendres 21 d&#8217;abril, van estar a la casa de col\u00f2nies de Can Maiol (Sant Andreu Salou). Vam gaudir de l&#8217;entorn, de les activitats i de les estones de conviv\u00e8ncia amb els company i companyes. Una bona experi\u00e8ncia!<\/p>\n<p>Clica la imatge per veure el recull de fotografies de l&#8217;estada.<\/p>\n<p><a href=\"https:\/\/photos.app.goo.gl\/YRsLQcuXsKnjbCZK8\"> <img loading=\"lazy\" decoding=\"async\" class=\"aligncenter size-large wp-image-13398\" src=\"https:\/\/agora.xtec.cat\/escolalavilapalamos\/wp-content\/uploads\/usu897\/2023\/04\/can_maiol_11-1024x440.jpg\" alt=\"\" width=\"1024\" height=\"440\" srcset=\"https:\/\/agora.xtec.cat\/escolalavilapalamos\/wp-content\/uploads\/usu897\/2023\/04\/can_maiol_11-1024x440.jpg 1024w, https:\/\/agora.xtec.cat\/escolalavilapalamos\/wp-content\/uploads\/usu897\/2023\/04\/can_maiol_11-300x129.jpg 300w, https:\/\/agora.xtec.cat\/escolalavilapalamos\/wp-content\/uploads\/usu897\/2023\/04\/can_maiol_11-768x330.jpg 768w, https:\/\/agora.xtec.cat\/escolalavilapalamos\/wp-content\/uploads\/usu897\/2023\/04\/can_maiol_11-1536x660.jpg 1536w, https:\/\/agora.xtec.cat\/escolalavilapalamos\/wp-content\/uploads\/usu897\/2023\/04\/can_maiol_11.jpg 1600w\" sizes=\"auto, (max-width: 1024px) 100vw, 1024px\" \/><\/a><\/p>\n","protected":false},"excerpt":{"rendered":"<p>Els infants d&#8217;I4 i I5, el passat dijous 20 i divendres 21 d&#8217;abril, van estar a la casa de col\u00f2nies de Can Maiol (Sant Andreu Salou). Vam gaudir de l&#8217;entorn, de les activitats i de les estones de conviv\u00e8ncia amb els company i companyes. Una&hellip;  <a href=\"https:\/\/agora.xtec.cat\/escolalavilapalamos\/general\/colonies-i4-i-i5-a-can-maiol\/\" title=\"Read COL\u00d2NIES I4 i I5 a Can Maiol\">Llegeix m\u00e9s\u00bb<\/a><\/p>\n","protected":false},"author":128,"featured_media":13398,"comment_status":"open","ping_status":"closed","sticky":false,"template":"","format":"standard","meta":{"_bbp_topic_count":0,"_bbp_reply_count":0,"_bbp_total_topic_count":0,"_bbp_total_reply_count":0,"_bbp_voice_count":0,"_bbp_anonymous_reply_count":0,"_bbp_topic_count_hidden":0,"_bbp_reply_count_hidden":0,"_bbp_forum_subforum_count":0,"footnotes":""},"categories":[2,1,4],"tags":[],"class_list":["post-13397","post","type-post","status-publish","format-standard","has-post-thumbnail","hentry","category-infantil","category-general","category-portada"],"post_mailing_queue_ids":[],"_links":{"self":[{"href":"https:\/\/agora.xtec.cat\/escolalavilapalamos\/wp-json\/wp\/v2\/posts\/13397","targetHints":{"allow":["GET"]}}],"collection":[{"href":"https:\/\/agora.xtec.cat\/escolalavilapalamos\/wp-json\/wp\/v2\/posts"}],"about":[{"href":"https:\/\/agora.xtec.cat\/escolalavilapalamos\/wp-json\/wp\/v2\/types\/post"}],"author":[{"embeddable":true,"href":"https:\/\/agora.xtec.cat\/escolalavilapalamos\/wp-json\/wp\/v2\/users\/128"}],"replies":[{"embeddable":true,"href":"https:\/\/agora.xtec.cat\/escolalavilapalamos\/wp-json\/wp\/v2\/comments?post=13397"}],"version-history":[{"count":1,"href":"https:\/\/agora.xtec.cat\/escolalavilapalamos\/wp-json\/wp\/v2\/posts\/13397\/revisions"}],"predecessor-version":[{"id":13399,"href":"https:\/\/agora.xtec.cat\/escolalavilapalamos\/wp-json\/wp\/v2\/posts\/13397\/revisions\/13399"}],"wp:featuredmedia":[{"embeddable":true,"href":"https:\/\/agora.xtec.cat\/escolalavilapalamos\/wp-json\/wp\/v2\/media\/13398"}],"wp:attachment":[{"href":"https:\/\/agora.xtec.cat\/escolalavilapalamos\/wp-json\/wp\/v2\/media?parent=13397"}],"wp:term":[{"taxonomy":"category","embeddable":true,"href":"https:\/\/agora.xtec.cat\/escolalavilapalamos\/wp-json\/wp\/v2\/categories?post=13397"},{"taxonomy":"post_tag","embeddable":true,"href":"https:\/\/agora.xtec.cat\/escolalavilapalamos\/wp-json\/wp\/v2\/tags?post=13397"}],"curies":[{"name":"wp","href":"https:\/\/api.w.org\/{rel}","templated":true}]}}