{"id":13396,"date":"2023-05-03T09:14:35","date_gmt":"2023-05-03T07:14:35","guid":{"rendered":"https:\/\/agora.xtec.cat\/escolalavilapalamos\/?p=13396"},"modified":"2023-05-03T09:14:35","modified_gmt":"2023-05-03T07:14:35","slug":"excursio-de-mitjans-a-la-fundacio-cuixart","status":"publish","type":"post","link":"https:\/\/agora.xtec.cat\/escolalavilapalamos\/general\/excursio-de-mitjans-a-la-fundacio-cuixart\/","title":{"rendered":"Excursi\u00f3 de mitjans a la Fundaci\u00f3 Cuixart"},"content":{"rendered":"<p><img loading=\"lazy\" decoding=\"async\" class=\"alignleft wp-image-13418 \" src=\"https:\/\/agora.xtec.cat\/escolalavilapalamos\/wp-content\/uploads\/usu897\/2023\/04\/DIMENSIO-scaled.jpg\" alt=\"\" width=\"344\" height=\"438\" srcset=\"https:\/\/agora.xtec.cat\/escolalavilapalamos\/wp-content\/uploads\/usu897\/2023\/04\/DIMENSIO-scaled.jpg 2009w, https:\/\/agora.xtec.cat\/escolalavilapalamos\/wp-content\/uploads\/usu897\/2023\/04\/DIMENSIO-235x300.jpg 235w, https:\/\/agora.xtec.cat\/escolalavilapalamos\/wp-content\/uploads\/usu897\/2023\/04\/DIMENSIO-804x1024.jpg 804w, https:\/\/agora.xtec.cat\/escolalavilapalamos\/wp-content\/uploads\/usu897\/2023\/04\/DIMENSIO-768x978.jpg 768w, https:\/\/agora.xtec.cat\/escolalavilapalamos\/wp-content\/uploads\/usu897\/2023\/04\/DIMENSIO-1206x1536.jpg 1206w, https:\/\/agora.xtec.cat\/escolalavilapalamos\/wp-content\/uploads\/usu897\/2023\/04\/DIMENSIO-1607x2048.jpg 1607w\" sizes=\"auto, (max-width: 344px) 100vw, 344px\" \/><\/p>\n<p style=\"text-align: center;\">La setmana passada, la Comunitat de Mitjans va anar d&#8217;excursi\u00f3 a la <strong>Fundaci\u00f3 Cuixart <\/strong>a Palafrugell. All\u00e0 vam poder con\u00e8ixer com treballava l&#8217;artista i com era la seva vida. Aquesta sortida ser\u00e0 el fil conductor com\u00fa de l&#8217;Art d&#8217;aquest tercer trimestre. Vam aprofitar per poder gaudir de l&#8217;encant de Palafrugell amb les seves platges i parcs. Va ser una bona ocasi\u00f3 per gaudir plegats en un entorn diferent a l&#8217;habitual.<\/p>\n<p style=\"text-align: center;\">Us deixem tres enlla\u00e7os amb les fotografies del dia,<\/p>\n<p style=\"text-align: center;\"><a href=\"https:\/\/photos.app.goo.gl\/kdkU9YhRweVHrY7M7\">PRIMER<\/a><\/p>\n<p style=\"text-align: center;\"><a href=\"https:\/\/photos.app.goo.gl\/aDNDPBpg4qH9ACAr7\">SEGON<\/a><\/p>\n<p style=\"text-align: center;\"><a href=\"https:\/\/photos.app.goo.gl\/BXsGU6vnHGfVYmiRA\">TERCER<\/a><\/p>\n","protected":false},"excerpt":{"rendered":"<p>La setmana passada, la Comunitat de Mitjans va anar d&#8217;excursi\u00f3 a la Fundaci\u00f3 Cuixart a Palafrugell. All\u00e0 vam poder con\u00e8ixer com treballava l&#8217;artista i com era la seva vida. Aquesta sortida ser\u00e0 el fil conductor com\u00fa de l&#8217;Art d&#8217;aquest tercer trimestre. Vam aprofitar per poder&hellip;  <a href=\"https:\/\/agora.xtec.cat\/escolalavilapalamos\/general\/excursio-de-mitjans-a-la-fundacio-cuixart\/\" title=\"Read Excursi\u00f3 de mitjans a la Fundaci\u00f3 Cuixart\">Llegeix m\u00e9s\u00bb<\/a><\/p>\n","protected":false},"author":131,"featured_media":13418,"comment_status":"open","ping_status":"closed","sticky":false,"template":"","format":"standard","meta":{"_bbp_topic_count":0,"_bbp_reply_count":0,"_bbp_total_topic_count":0,"_bbp_total_reply_count":0,"_bbp_voice_count":0,"_bbp_anonymous_reply_count":0,"_bbp_topic_count_hidden":0,"_bbp_reply_count_hidden":0,"_bbp_forum_subforum_count":0,"footnotes":""},"categories":[127,1,4],"tags":[],"class_list":["post-13396","post","type-post","status-publish","format-standard","has-post-thumbnail","hentry","category-comunitat-de-mitjans","category-general","category-portada"],"post_mailing_queue_ids":[],"_links":{"self":[{"href":"https:\/\/agora.xtec.cat\/escolalavilapalamos\/wp-json\/wp\/v2\/posts\/13396","targetHints":{"allow":["GET"]}}],"collection":[{"href":"https:\/\/agora.xtec.cat\/escolalavilapalamos\/wp-json\/wp\/v2\/posts"}],"about":[{"href":"https:\/\/agora.xtec.cat\/escolalavilapalamos\/wp-json\/wp\/v2\/types\/post"}],"author":[{"embeddable":true,"href":"https:\/\/agora.xtec.cat\/escolalavilapalamos\/wp-json\/wp\/v2\/users\/131"}],"replies":[{"embeddable":true,"href":"https:\/\/agora.xtec.cat\/escolalavilapalamos\/wp-json\/wp\/v2\/comments?post=13396"}],"version-history":[{"count":3,"href":"https:\/\/agora.xtec.cat\/escolalavilapalamos\/wp-json\/wp\/v2\/posts\/13396\/revisions"}],"predecessor-version":[{"id":13441,"href":"https:\/\/agora.xtec.cat\/escolalavilapalamos\/wp-json\/wp\/v2\/posts\/13396\/revisions\/13441"}],"wp:featuredmedia":[{"embeddable":true,"href":"https:\/\/agora.xtec.cat\/escolalavilapalamos\/wp-json\/wp\/v2\/media\/13418"}],"wp:attachment":[{"href":"https:\/\/agora.xtec.cat\/escolalavilapalamos\/wp-json\/wp\/v2\/media?parent=13396"}],"wp:term":[{"taxonomy":"category","embeddable":true,"href":"https:\/\/agora.xtec.cat\/escolalavilapalamos\/wp-json\/wp\/v2\/categories?post=13396"},{"taxonomy":"post_tag","embeddable":true,"href":"https:\/\/agora.xtec.cat\/escolalavilapalamos\/wp-json\/wp\/v2\/tags?post=13396"}],"curies":[{"name":"wp","href":"https:\/\/api.w.org\/{rel}","templated":true}]}}