{"id":13375,"date":"2023-04-26T08:00:32","date_gmt":"2023-04-26T06:00:32","guid":{"rendered":"https:\/\/agora.xtec.cat\/escolalavilapalamos\/?p=13375"},"modified":"2023-04-26T11:40:31","modified_gmt":"2023-04-26T09:40:31","slug":"rodajoc-a-4t","status":"publish","type":"post","link":"https:\/\/agora.xtec.cat\/escolalavilapalamos\/portada\/rodajoc-a-4t\/","title":{"rendered":"Rodajoc a 4t!"},"content":{"rendered":"<p style=\"text-align: center;\"><a href=\"https:\/\/agora.xtec.cat\/escolalavilapalamos\/wp-content\/uploads\/usu897\/2023\/04\/1682491483954.jpg\"><img loading=\"lazy\" decoding=\"async\" class=\"alignnone wp-image-13389\" src=\"https:\/\/agora.xtec.cat\/escolalavilapalamos\/wp-content\/uploads\/usu897\/2023\/04\/1682491483954.jpg\" alt=\"\" width=\"554\" height=\"375\" srcset=\"https:\/\/agora.xtec.cat\/escolalavilapalamos\/wp-content\/uploads\/usu897\/2023\/04\/1682491483954.jpg 1024w, https:\/\/agora.xtec.cat\/escolalavilapalamos\/wp-content\/uploads\/usu897\/2023\/04\/1682491483954-300x203.jpg 300w, https:\/\/agora.xtec.cat\/escolalavilapalamos\/wp-content\/uploads\/usu897\/2023\/04\/1682491483954-768x520.jpg 768w\" sizes=\"auto, (max-width: 554px) 100vw, 554px\" \/><\/a><\/p>\n<p>El dimarts 25 d&#8217;abril l&#8217;alumnat de 4t va participar en el <strong>RODAJOC DE PALAM\u00d3S, SANT ANTONI, CALONGE I VALL-LLOBREGA<\/strong>. Despr\u00e9s de 3 cursos escolars sense poder celebrar aquesta magn\u00edfica activitat, les nenes i nens de la Vila van gaudir i compartir de tot un mat\u00ed de jocs al passeig de Sant Antoni de Calonge.<\/p>\n<p>Les escoles participants al Rodajoc van ser: ESC La Vila, ESC Vila-rom\u00e0, Col\u00b7legi La Salle, Col\u00b7legi Vedruna , ESC Llevant\u00ed de mar, ESC La s\u00ednia; (St. Antoni de Calonge); ESC Pere Rossell\u00f3 (Calonge); ESC Vall-llobrega; INS Palam\u00f3s<\/p>\n<p>Els organitzadors van ser: els mestres del Seminari Rodajoc Palam\u00f3s, Calonge i Vall-lobrega\u00a0 (PFZ)<\/p>\n<p>Col\u00b7laboradors: Ajuntament de Palam\u00f3s, Calonge i Vall-llobrega, SEBE (Serveis Educatius del Baix Empord\u00e0) i Servei Educatiu del Baix Empord\u00e0; Consell Esportiu del Baix Empord\u00e0.<\/p>\n<p>A continuaci\u00f3 i clicant <a href=\"https:\/\/photos.app.goo.gl\/aZ6gN83JX5RNmxx17\">aqu\u00ed<\/a> en podreu veure un bon recull de fotografies.<\/p>\n","protected":false},"excerpt":{"rendered":"<p><a href=\"https:\/\/agora.xtec.cat\/escolalavilapalamos\/wp-content\/uploads\/usu897\/2023\/04\/1682491483954.jpg\"><\/a><br \/>\nEl dimarts 25 d&#8217;abril l&#8217;alumnat de 4t va participar en el RODAJOC DE PALAM\u00d3S, SANT ANTONI, CALONGE I VALL-LLOBREGA. Despr\u00e9s de 3 cursos escolars sense poder celebrar aquesta magn\u00edfica activitat, les nenes i nens de la Vila van gaudir i compartir de tot un&hellip;  <a href=\"https:\/\/agora.xtec.cat\/escolalavilapalamos\/portada\/rodajoc-a-4t\/\" title=\"Read Rodajoc a 4t!\">Llegeix m\u00e9s\u00bb<\/a><\/p>\n","protected":false},"author":167,"featured_media":13389,"comment_status":"open","ping_status":"closed","sticky":false,"template":"","format":"standard","meta":{"_bbp_topic_count":0,"_bbp_reply_count":0,"_bbp_total_topic_count":0,"_bbp_total_reply_count":0,"_bbp_voice_count":0,"_bbp_anonymous_reply_count":0,"_bbp_topic_count_hidden":0,"_bbp_reply_count_hidden":0,"_bbp_forum_subforum_count":0,"footnotes":""},"categories":[128,70,67,4,5],"tags":[],"class_list":["post-13375","post","type-post","status-publish","format-standard","has-post-thumbnail","hentry","category-comunitat-de-grans","category-efi","category-especialistes","category-portada","category-primaria"],"post_mailing_queue_ids":[],"_links":{"self":[{"href":"https:\/\/agora.xtec.cat\/escolalavilapalamos\/wp-json\/wp\/v2\/posts\/13375","targetHints":{"allow":["GET"]}}],"collection":[{"href":"https:\/\/agora.xtec.cat\/escolalavilapalamos\/wp-json\/wp\/v2\/posts"}],"about":[{"href":"https:\/\/agora.xtec.cat\/escolalavilapalamos\/wp-json\/wp\/v2\/types\/post"}],"author":[{"embeddable":true,"href":"https:\/\/agora.xtec.cat\/escolalavilapalamos\/wp-json\/wp\/v2\/users\/167"}],"replies":[{"embeddable":true,"href":"https:\/\/agora.xtec.cat\/escolalavilapalamos\/wp-json\/wp\/v2\/comments?post=13375"}],"version-history":[{"count":3,"href":"https:\/\/agora.xtec.cat\/escolalavilapalamos\/wp-json\/wp\/v2\/posts\/13375\/revisions"}],"predecessor-version":[{"id":13395,"href":"https:\/\/agora.xtec.cat\/escolalavilapalamos\/wp-json\/wp\/v2\/posts\/13375\/revisions\/13395"}],"wp:featuredmedia":[{"embeddable":true,"href":"https:\/\/agora.xtec.cat\/escolalavilapalamos\/wp-json\/wp\/v2\/media\/13389"}],"wp:attachment":[{"href":"https:\/\/agora.xtec.cat\/escolalavilapalamos\/wp-json\/wp\/v2\/media?parent=13375"}],"wp:term":[{"taxonomy":"category","embeddable":true,"href":"https:\/\/agora.xtec.cat\/escolalavilapalamos\/wp-json\/wp\/v2\/categories?post=13375"},{"taxonomy":"post_tag","embeddable":true,"href":"https:\/\/agora.xtec.cat\/escolalavilapalamos\/wp-json\/wp\/v2\/tags?post=13375"}],"curies":[{"name":"wp","href":"https:\/\/api.w.org\/{rel}","templated":true}]}}