{"id":13365,"date":"2023-04-26T11:00:07","date_gmt":"2023-04-26T09:00:07","guid":{"rendered":"https:\/\/agora.xtec.cat\/escolalavilapalamos\/?p=13365"},"modified":"2023-04-26T11:00:07","modified_gmt":"2023-04-26T09:00:07","slug":"espai-exterior-daprenentatge","status":"publish","type":"post","link":"https:\/\/agora.xtec.cat\/escolalavilapalamos\/general\/espai-exterior-daprenentatge\/","title":{"rendered":"ESPAI EXTERIOR D&#8217;APRENENTATGE"},"content":{"rendered":"<p>A l&#8217;Espai Exterior els infants poden explorar, crear, manipular, experimentar i construir a l&#8217;aire lliure. En un entorn que els infants coneixen perfectament com s\u00f3n el jardinet i la pineda, utilitzem materials i eines\u00a0 espec\u00edfiques per acompanyar als infants\u00a0 a investigar i a c<span style=\"font-family: inherit; font-size: 1em;\">rear hip\u00f2tesi , u<\/span><span style=\"font-family: inherit; font-size: 1em;\">tilitzar un vocabulari m\u00e9s concret, c<\/span><span style=\"font-family: inherit; font-size: 1em;\">on\u00e8ixer objectes nous i quina \u00e9s la seva funci\u00f3, c<\/span><span style=\"font-family: inherit; font-size: 1em;\">ompartir aquests objectes i materials i r<\/span><span style=\"font-family: inherit; font-size: 1em;\">epresentar all\u00f2 que han constru\u00eft o ideat.\u00a0<\/span><\/p>\n<p><span style=\"font-family: inherit; font-size: 1em;\">Aquestes s\u00f3n algunes de les activitats que els alumnes poden realitzar a l&#8217;espai.\u00a0<\/span><\/p>\n<p>Aqu\u00ed teniu un recull de <a href=\"https:\/\/photos.app.goo.gl\/D8AEmj1Fkm6uc8vRA\">fotografies<\/a> de les activitats que hem relitzat fins ara.<\/p>\n<p><a href=\"https:\/\/photos.app.goo.gl\/D8AEmj1Fkm6uc8vRA\"><img loading=\"lazy\" decoding=\"async\" class=\"wp-image-13401 alignleft\" src=\"https:\/\/agora.xtec.cat\/escolalavilapalamos\/wp-content\/uploads\/usu897\/2023\/04\/WhatsApp-Image-2022-11-07-at-14.18.35-2-1024x769.jpeg\" alt=\"\" width=\"647\" height=\"486\" srcset=\"https:\/\/agora.xtec.cat\/escolalavilapalamos\/wp-content\/uploads\/usu897\/2023\/04\/WhatsApp-Image-2022-11-07-at-14.18.35-2-1024x769.jpeg 1024w, https:\/\/agora.xtec.cat\/escolalavilapalamos\/wp-content\/uploads\/usu897\/2023\/04\/WhatsApp-Image-2022-11-07-at-14.18.35-2-300x225.jpeg 300w, https:\/\/agora.xtec.cat\/escolalavilapalamos\/wp-content\/uploads\/usu897\/2023\/04\/WhatsApp-Image-2022-11-07-at-14.18.35-2-768x576.jpeg 768w, https:\/\/agora.xtec.cat\/escolalavilapalamos\/wp-content\/uploads\/usu897\/2023\/04\/WhatsApp-Image-2022-11-07-at-14.18.35-2-1536x1153.jpeg 1536w, https:\/\/agora.xtec.cat\/escolalavilapalamos\/wp-content\/uploads\/usu897\/2023\/04\/WhatsApp-Image-2022-11-07-at-14.18.35-2-200x150.jpeg 200w, https:\/\/agora.xtec.cat\/escolalavilapalamos\/wp-content\/uploads\/usu897\/2023\/04\/WhatsApp-Image-2022-11-07-at-14.18.35-2.jpeg 2048w\" sizes=\"auto, (max-width: 647px) 100vw, 647px\" \/><\/a><\/p>\n<p>&nbsp;<\/p>\n","protected":false},"excerpt":{"rendered":"<p>A l&#8217;Espai Exterior els infants poden explorar, crear, manipular, experimentar i construir a l&#8217;aire lliure. En un entorn que els infants coneixen perfectament com s\u00f3n el jardinet i la pineda, utilitzem materials i eines\u00a0 espec\u00edfiques per acompanyar als infants\u00a0 a investigar i a crear hip\u00f2tesi&hellip;  <a href=\"https:\/\/agora.xtec.cat\/escolalavilapalamos\/general\/espai-exterior-daprenentatge\/\" title=\"Read ESPAI EXTERIOR D&#8217;APRENENTATGE\">Llegeix m\u00e9s\u00bb<\/a><\/p>\n","protected":false},"author":128,"featured_media":13401,"comment_status":"open","ping_status":"closed","sticky":false,"template":"","format":"standard","meta":{"_bbp_topic_count":0,"_bbp_reply_count":0,"_bbp_total_topic_count":0,"_bbp_total_reply_count":0,"_bbp_voice_count":0,"_bbp_anonymous_reply_count":0,"_bbp_topic_count_hidden":0,"_bbp_reply_count_hidden":0,"_bbp_forum_subforum_count":0,"footnotes":""},"categories":[2,1,4],"tags":[],"class_list":["post-13365","post","type-post","status-publish","format-standard","has-post-thumbnail","hentry","category-infantil","category-general","category-portada"],"post_mailing_queue_ids":[],"_links":{"self":[{"href":"https:\/\/agora.xtec.cat\/escolalavilapalamos\/wp-json\/wp\/v2\/posts\/13365","targetHints":{"allow":["GET"]}}],"collection":[{"href":"https:\/\/agora.xtec.cat\/escolalavilapalamos\/wp-json\/wp\/v2\/posts"}],"about":[{"href":"https:\/\/agora.xtec.cat\/escolalavilapalamos\/wp-json\/wp\/v2\/types\/post"}],"author":[{"embeddable":true,"href":"https:\/\/agora.xtec.cat\/escolalavilapalamos\/wp-json\/wp\/v2\/users\/128"}],"replies":[{"embeddable":true,"href":"https:\/\/agora.xtec.cat\/escolalavilapalamos\/wp-json\/wp\/v2\/comments?post=13365"}],"version-history":[{"count":3,"href":"https:\/\/agora.xtec.cat\/escolalavilapalamos\/wp-json\/wp\/v2\/posts\/13365\/revisions"}],"predecessor-version":[{"id":13403,"href":"https:\/\/agora.xtec.cat\/escolalavilapalamos\/wp-json\/wp\/v2\/posts\/13365\/revisions\/13403"}],"wp:featuredmedia":[{"embeddable":true,"href":"https:\/\/agora.xtec.cat\/escolalavilapalamos\/wp-json\/wp\/v2\/media\/13401"}],"wp:attachment":[{"href":"https:\/\/agora.xtec.cat\/escolalavilapalamos\/wp-json\/wp\/v2\/media?parent=13365"}],"wp:term":[{"taxonomy":"category","embeddable":true,"href":"https:\/\/agora.xtec.cat\/escolalavilapalamos\/wp-json\/wp\/v2\/categories?post=13365"},{"taxonomy":"post_tag","embeddable":true,"href":"https:\/\/agora.xtec.cat\/escolalavilapalamos\/wp-json\/wp\/v2\/tags?post=13365"}],"curies":[{"name":"wp","href":"https:\/\/api.w.org\/{rel}","templated":true}]}}