{"id":13319,"date":"2023-03-31T16:00:36","date_gmt":"2023-03-31T14:00:36","guid":{"rendered":"https:\/\/agora.xtec.cat\/escolalavilapalamos\/?p=13319"},"modified":"2023-04-11T09:56:25","modified_gmt":"2023-04-11T07:56:25","slug":"a-6e-encenem-la-bombeta","status":"publish","type":"post","link":"https:\/\/agora.xtec.cat\/escolalavilapalamos\/general\/a-6e-encenem-la-bombeta\/","title":{"rendered":"A 6\u00e8, encenem la bombeta!"},"content":{"rendered":"<p>A 6\u00e8, al llarg del segon trimestre, hem estat treballant l&#8217;electricitat. Hem descobert el cam\u00ed que fa l&#8217;electricitat des de la font d&#8217;on s&#8217;obt\u00e9 fins que arriba a casa nostra fet que ens ha perm\u00e8s prendre consci\u00e8ncia de la complexitat del proc\u00e9s i de la\u00a0import\u00e0ncia\u00a0de l&#8217;estalvi energ\u00e8tic.\u00a0A m\u00e9s a\u00a0m\u00e9s,\u00a0hem vist que a part de l&#8217;electricitat hi ha molts altres tipus d&#8217;energia. Per acabar, hem apr\u00e8s qu\u00e8 \u00e9s un circuit, quins elements el formen i els diferents tipus de circuits simples que existeixen.<\/p>\n<p>Aquest recorregut ha finalitzat amb la creaci\u00f3 de diferents propostes art\u00edstiques que havien d&#8217;integrar alguna de les tipologies de circuit el\u00e8ctric apreses.<\/p>\n<p><em>Cliqueu a la bombeta per veure totes les fotos<\/em><\/p>\n<p><a href=\"https:\/\/photos.app.goo.gl\/Vi6NJJP2tf2YbH1TA\"><img loading=\"lazy\" decoding=\"async\" class=\" wp-image-13320\" src=\"https:\/\/agora.xtec.cat\/escolalavilapalamos\/wp-content\/uploads\/usu897\/2023\/03\/bombilla-decorativa-carbo-globo-espiral-caeg12-125mm40w-e27.jpg\" alt=\"\" width=\"180\" height=\"180\" srcset=\"https:\/\/agora.xtec.cat\/escolalavilapalamos\/wp-content\/uploads\/usu897\/2023\/03\/bombilla-decorativa-carbo-globo-espiral-caeg12-125mm40w-e27.jpg 800w, https:\/\/agora.xtec.cat\/escolalavilapalamos\/wp-content\/uploads\/usu897\/2023\/03\/bombilla-decorativa-carbo-globo-espiral-caeg12-125mm40w-e27-300x300.jpg 300w, https:\/\/agora.xtec.cat\/escolalavilapalamos\/wp-content\/uploads\/usu897\/2023\/03\/bombilla-decorativa-carbo-globo-espiral-caeg12-125mm40w-e27-150x150.jpg 150w, https:\/\/agora.xtec.cat\/escolalavilapalamos\/wp-content\/uploads\/usu897\/2023\/03\/bombilla-decorativa-carbo-globo-espiral-caeg12-125mm40w-e27-768x768.jpg 768w\" sizes=\"auto, (max-width: 180px) 100vw, 180px\" \/><\/a><\/p>\n","protected":false},"excerpt":{"rendered":"<p>A 6\u00e8, al llarg del segon trimestre, hem estat treballant l&#8217;electricitat. Hem descobert el cam\u00ed que fa l&#8217;electricitat des de la font d&#8217;on s&#8217;obt\u00e9 fins que arriba a casa nostra fet que ens ha perm\u00e8s prendre consci\u00e8ncia de la complexitat del proc\u00e9s i de la\u00a0import\u00e0ncia\u00a0de&hellip;  <a href=\"https:\/\/agora.xtec.cat\/escolalavilapalamos\/general\/a-6e-encenem-la-bombeta\/\" title=\"Read A 6\u00e8, encenem la bombeta!\">Llegeix m\u00e9s\u00bb<\/a><\/p>\n","protected":false},"author":132,"featured_media":13320,"comment_status":"open","ping_status":"closed","sticky":false,"template":"","format":"standard","meta":{"_bbp_topic_count":0,"_bbp_reply_count":0,"_bbp_total_topic_count":0,"_bbp_total_reply_count":0,"_bbp_voice_count":0,"_bbp_anonymous_reply_count":0,"_bbp_topic_count_hidden":0,"_bbp_reply_count_hidden":0,"_bbp_forum_subforum_count":0,"footnotes":""},"categories":[15,128,1,4,5],"tags":[],"class_list":["post-13319","post","type-post","status-publish","format-standard","has-post-thumbnail","hentry","category-6e","category-comunitat-de-grans","category-general","category-portada","category-primaria"],"post_mailing_queue_ids":[],"_links":{"self":[{"href":"https:\/\/agora.xtec.cat\/escolalavilapalamos\/wp-json\/wp\/v2\/posts\/13319","targetHints":{"allow":["GET"]}}],"collection":[{"href":"https:\/\/agora.xtec.cat\/escolalavilapalamos\/wp-json\/wp\/v2\/posts"}],"about":[{"href":"https:\/\/agora.xtec.cat\/escolalavilapalamos\/wp-json\/wp\/v2\/types\/post"}],"author":[{"embeddable":true,"href":"https:\/\/agora.xtec.cat\/escolalavilapalamos\/wp-json\/wp\/v2\/users\/132"}],"replies":[{"embeddable":true,"href":"https:\/\/agora.xtec.cat\/escolalavilapalamos\/wp-json\/wp\/v2\/comments?post=13319"}],"version-history":[{"count":2,"href":"https:\/\/agora.xtec.cat\/escolalavilapalamos\/wp-json\/wp\/v2\/posts\/13319\/revisions"}],"predecessor-version":[{"id":13322,"href":"https:\/\/agora.xtec.cat\/escolalavilapalamos\/wp-json\/wp\/v2\/posts\/13319\/revisions\/13322"}],"wp:featuredmedia":[{"embeddable":true,"href":"https:\/\/agora.xtec.cat\/escolalavilapalamos\/wp-json\/wp\/v2\/media\/13320"}],"wp:attachment":[{"href":"https:\/\/agora.xtec.cat\/escolalavilapalamos\/wp-json\/wp\/v2\/media?parent=13319"}],"wp:term":[{"taxonomy":"category","embeddable":true,"href":"https:\/\/agora.xtec.cat\/escolalavilapalamos\/wp-json\/wp\/v2\/categories?post=13319"},{"taxonomy":"post_tag","embeddable":true,"href":"https:\/\/agora.xtec.cat\/escolalavilapalamos\/wp-json\/wp\/v2\/tags?post=13319"}],"curies":[{"name":"wp","href":"https:\/\/api.w.org\/{rel}","templated":true}]}}