{"id":13313,"date":"2023-03-31T12:48:15","date_gmt":"2023-03-31T10:48:15","guid":{"rendered":"https:\/\/agora.xtec.cat\/escolalavilapalamos\/?p=13313"},"modified":"2023-03-31T12:48:15","modified_gmt":"2023-03-31T10:48:15","slug":"donem-la-benvinguda-a-la-primavera","status":"publish","type":"post","link":"https:\/\/agora.xtec.cat\/escolalavilapalamos\/general\/donem-la-benvinguda-a-la-primavera\/","title":{"rendered":"Donem la benvinguda a la primavera!"},"content":{"rendered":"<p>A m\u00fasica acabem el trimestre de la millor manera possible i \u00e9s que a 1r celebrem avui que <strong>la primavera ja ha arribat amb una cantata<\/strong> que portem preparant molts dies perqu\u00e8 ens surti d\u2019all\u00f2 m\u00e9s b\u00e9.<\/p>\n<p>Els alumnes de 1r de totes les escoles de Palam\u00f3s (La Vila, La Salle, el Vedruna i el Vila-Rom\u00e0) emprendran un viatge de la m\u00e0 d\u2019una formiga molt curiosa, per a fer-nos gaudir de tot el que ens regala la primavera, l\u2019estaci\u00f3 m\u00e9s plena d\u2019olors i colors!<\/p>\n<p>Aquest mat\u00ed hem estat fent els assajos generals al teatre La Gorga conjuntament amb les altres escoles de Palam\u00f3s per poder oferir a totes les fam\u00edlies un gran espectacle. Les formiguetes han sortit del seu niu per explorar i aprofitar el canvi d\u2019estaci\u00f3, aix\u00ed que estan a punt per sorprendre\u2019ns i fer-nos cantar i ballar com mai.<\/p>\n<p>Us esperem a tots i totes al Teatre La Gorga!!<\/p>\n<ul>\n<li>1A a les 17\u201915h, per comen\u00e7ar a les 17\u201930h.<\/li>\n<li>1B a les 18\u201915h, per comen\u00e7ar a les 18\u201930h.<\/li>\n<\/ul>\n<p>Visca la m\u00fasica!!<\/p>\n<p style=\"text-align: center;\"><a href=\"https:\/\/agora.xtec.cat\/escolalavilapalamos\/wp-content\/uploads\/usu897\/2023\/03\/1680257579104-scaled.jpg\">\u00a0\u00a0\u00a0\u00a0 <\/a><a href=\"https:\/\/agora.xtec.cat\/escolalavilapalamos\/wp-content\/uploads\/usu897\/2023\/03\/1680257579104-scaled.jpg\"><img loading=\"lazy\" decoding=\"async\" class=\"wp-image-13316  alignleft\" src=\"https:\/\/agora.xtec.cat\/escolalavilapalamos\/wp-content\/uploads\/usu897\/2023\/03\/1680257579104-scaled.jpg\" alt=\"\" width=\"536\" height=\"402\" srcset=\"https:\/\/agora.xtec.cat\/escolalavilapalamos\/wp-content\/uploads\/usu897\/2023\/03\/1680257579104-scaled.jpg 2560w, https:\/\/agora.xtec.cat\/escolalavilapalamos\/wp-content\/uploads\/usu897\/2023\/03\/1680257579104-300x225.jpg 300w, https:\/\/agora.xtec.cat\/escolalavilapalamos\/wp-content\/uploads\/usu897\/2023\/03\/1680257579104-1024x768.jpg 1024w, https:\/\/agora.xtec.cat\/escolalavilapalamos\/wp-content\/uploads\/usu897\/2023\/03\/1680257579104-768x576.jpg 768w, https:\/\/agora.xtec.cat\/escolalavilapalamos\/wp-content\/uploads\/usu897\/2023\/03\/1680257579104-1536x1152.jpg 1536w, https:\/\/agora.xtec.cat\/escolalavilapalamos\/wp-content\/uploads\/usu897\/2023\/03\/1680257579104-2048x1536.jpg 2048w, https:\/\/agora.xtec.cat\/escolalavilapalamos\/wp-content\/uploads\/usu897\/2023\/03\/1680257579104-200x150.jpg 200w\" sizes=\"auto, (max-width: 536px) 100vw, 536px\" \/><\/a><a href=\"https:\/\/agora.xtec.cat\/escolalavilapalamos\/wp-content\/uploads\/usu897\/2023\/03\/1680257579116-scaled.jpg\"><img loading=\"lazy\" decoding=\"async\" class=\"alignnone wp-image-13315 \" src=\"https:\/\/agora.xtec.cat\/escolalavilapalamos\/wp-content\/uploads\/usu897\/2023\/03\/1680257579116-scaled.jpg\" alt=\"\" width=\"538\" height=\"403\" srcset=\"https:\/\/agora.xtec.cat\/escolalavilapalamos\/wp-content\/uploads\/usu897\/2023\/03\/1680257579116-scaled.jpg 2560w, https:\/\/agora.xtec.cat\/escolalavilapalamos\/wp-content\/uploads\/usu897\/2023\/03\/1680257579116-300x225.jpg 300w, https:\/\/agora.xtec.cat\/escolalavilapalamos\/wp-content\/uploads\/usu897\/2023\/03\/1680257579116-1024x768.jpg 1024w, https:\/\/agora.xtec.cat\/escolalavilapalamos\/wp-content\/uploads\/usu897\/2023\/03\/1680257579116-768x576.jpg 768w, https:\/\/agora.xtec.cat\/escolalavilapalamos\/wp-content\/uploads\/usu897\/2023\/03\/1680257579116-1536x1152.jpg 1536w, https:\/\/agora.xtec.cat\/escolalavilapalamos\/wp-content\/uploads\/usu897\/2023\/03\/1680257579116-2048x1536.jpg 2048w, https:\/\/agora.xtec.cat\/escolalavilapalamos\/wp-content\/uploads\/usu897\/2023\/03\/1680257579116-200x150.jpg 200w\" sizes=\"auto, (max-width: 538px) 100vw, 538px\" \/><\/a><\/p>\n","protected":false},"excerpt":{"rendered":"<p>A m\u00fasica acabem el trimestre de la millor manera possible i \u00e9s que a 1r celebrem avui que la primavera ja ha arribat amb una cantata que portem preparant molts dies perqu\u00e8 ens surti d\u2019all\u00f2 m\u00e9s b\u00e9.<br \/>\nEls alumnes de 1r de totes les escoles de&hellip;  <a href=\"https:\/\/agora.xtec.cat\/escolalavilapalamos\/general\/donem-la-benvinguda-a-la-primavera\/\" title=\"Read Donem la benvinguda a la primavera!\">Llegeix m\u00e9s\u00bb<\/a><\/p>\n","protected":false},"author":5,"featured_media":13316,"comment_status":"open","ping_status":"closed","sticky":false,"template":"","format":"standard","meta":{"_bbp_topic_count":0,"_bbp_reply_count":0,"_bbp_total_topic_count":0,"_bbp_total_reply_count":0,"_bbp_voice_count":0,"_bbp_anonymous_reply_count":0,"_bbp_topic_count_hidden":0,"_bbp_reply_count_hidden":0,"_bbp_forum_subforum_count":0,"footnotes":""},"categories":[1,68,4],"tags":[],"class_list":["post-13313","post","type-post","status-publish","format-standard","has-post-thumbnail","hentry","category-general","category-musica","category-portada"],"post_mailing_queue_ids":[],"_links":{"self":[{"href":"https:\/\/agora.xtec.cat\/escolalavilapalamos\/wp-json\/wp\/v2\/posts\/13313","targetHints":{"allow":["GET"]}}],"collection":[{"href":"https:\/\/agora.xtec.cat\/escolalavilapalamos\/wp-json\/wp\/v2\/posts"}],"about":[{"href":"https:\/\/agora.xtec.cat\/escolalavilapalamos\/wp-json\/wp\/v2\/types\/post"}],"author":[{"embeddable":true,"href":"https:\/\/agora.xtec.cat\/escolalavilapalamos\/wp-json\/wp\/v2\/users\/5"}],"replies":[{"embeddable":true,"href":"https:\/\/agora.xtec.cat\/escolalavilapalamos\/wp-json\/wp\/v2\/comments?post=13313"}],"version-history":[{"count":3,"href":"https:\/\/agora.xtec.cat\/escolalavilapalamos\/wp-json\/wp\/v2\/posts\/13313\/revisions"}],"predecessor-version":[{"id":13318,"href":"https:\/\/agora.xtec.cat\/escolalavilapalamos\/wp-json\/wp\/v2\/posts\/13313\/revisions\/13318"}],"wp:featuredmedia":[{"embeddable":true,"href":"https:\/\/agora.xtec.cat\/escolalavilapalamos\/wp-json\/wp\/v2\/media\/13316"}],"wp:attachment":[{"href":"https:\/\/agora.xtec.cat\/escolalavilapalamos\/wp-json\/wp\/v2\/media?parent=13313"}],"wp:term":[{"taxonomy":"category","embeddable":true,"href":"https:\/\/agora.xtec.cat\/escolalavilapalamos\/wp-json\/wp\/v2\/categories?post=13313"},{"taxonomy":"post_tag","embeddable":true,"href":"https:\/\/agora.xtec.cat\/escolalavilapalamos\/wp-json\/wp\/v2\/tags?post=13313"}],"curies":[{"name":"wp","href":"https:\/\/api.w.org\/{rel}","templated":true}]}}