{"id":13298,"date":"2023-03-30T14:33:14","date_gmt":"2023-03-30T12:33:14","guid":{"rendered":"https:\/\/agora.xtec.cat\/escolalavilapalamos\/?p=13298"},"modified":"2023-03-31T10:35:34","modified_gmt":"2023-03-31T08:35:34","slug":"cada-mirada-es-unica","status":"publish","type":"post","link":"https:\/\/agora.xtec.cat\/escolalavilapalamos\/general\/cada-mirada-es-unica\/","title":{"rendered":"Cada mirada \u00e9s \u00fanica"},"content":{"rendered":"<p><span style=\"font-weight: 400;\"><img loading=\"lazy\" decoding=\"async\" class=\"wp-image-13302 alignright\" src=\"https:\/\/agora.xtec.cat\/escolalavilapalamos\/wp-content\/uploads\/usu897\/2023\/03\/bet-y-el-tea-txalaparta-eus-1.jpg\" alt=\"\" width=\"384\" height=\"498\" srcset=\"https:\/\/agora.xtec.cat\/escolalavilapalamos\/wp-content\/uploads\/usu897\/2023\/03\/bet-y-el-tea-txalaparta-eus-1.jpg 822w, https:\/\/agora.xtec.cat\/escolalavilapalamos\/wp-content\/uploads\/usu897\/2023\/03\/bet-y-el-tea-txalaparta-eus-1-231x300.jpg 231w, https:\/\/agora.xtec.cat\/escolalavilapalamos\/wp-content\/uploads\/usu897\/2023\/03\/bet-y-el-tea-txalaparta-eus-1-789x1024.jpg 789w, https:\/\/agora.xtec.cat\/escolalavilapalamos\/wp-content\/uploads\/usu897\/2023\/03\/bet-y-el-tea-txalaparta-eus-1-768x997.jpg 768w\" sizes=\"auto, (max-width: 384px) 100vw, 384px\" \/>Les i els alumnes de 5\u00e8B aquesta setmana hem compartit una bona estona de rotllana tot conversant sobre qu\u00e8 \u00e9s el TEA i tamb\u00e9 hem compartit quines s\u00f3n les peculiaritats de cadasc\u00fa de nosaltres.<\/span><b>\u00a0<\/b><\/p>\n<p><span style=\"font-weight: 400;\">Primer de tot ens hem preguntant per qu\u00e8 es celebren \u201cels dies mundials de\u2026\u201d, potser perqu\u00e8 hi ha coses que afecten a tothom i sobre els que encara ens cal reflexionar o saber-ne m\u00e9s. Tamb\u00e9 hem parlat de quins dies mundials coneixem, i s\u2019ha esmentat el de la Pau, el de l&#8217;esport i la salut, el de l&#8217;aigua&#8230;<\/span><\/p>\n<p><span style=\"font-weight: 400;\">El dia 2 d\u00b4abril es celebra el dia Mundial de l\u00b4autisme i per aquesta ra\u00f3 hem llegit plegats el llibre \u201cLa Bet i el TEA\u201d. La Bet \u00e9s una nena carinyosa, divertida, moguda i amb autisme. En aquest conte ens explica quines s\u00f3n les peculiaritats que la fan ser diferent i \u00fanica, i com la podem ajudar en el seu dia a dia.<\/span><\/p>\n<p><span style=\"font-weight: 400;\">Llegir el conte ens ha portat a parlar de que tots som iguals i diferents alhora. Tots sabem qu\u00e8 \u00e9s estar trist, content, preocupada, nerviosa, avorrit,&#8230; i tenim la necessitat de que ens comprenguin, ens coneguin i ens acceptin tal com som. Per aix\u00f2 <a href=\"https:\/\/photos.app.goo.gl\/gNp9MFRfowv7Bgxa6\">compartim les nostres peculiaritats<\/a> i expliquem qu\u00e8 ens pot ajudar quan ens sentim de determinada manera.\u00a0<\/span><\/p>\n<p><span style=\"font-weight: 400;\">Us recomanem aquest llibre per totes les edats i creiem que us enamorar\u00e0!<\/span><\/p>\n","protected":false},"excerpt":{"rendered":"<p>Les i els alumnes de 5\u00e8B aquesta setmana hem compartit una bona estona de rotllana tot conversant sobre qu\u00e8 \u00e9s el TEA i tamb\u00e9 hem compartit quines s\u00f3n les peculiaritats de cadasc\u00fa de nosaltres.\u00a0<br \/>\nPrimer de tot ens hem preguntant per qu\u00e8 es celebren \u201cels dies&hellip;  <a href=\"https:\/\/agora.xtec.cat\/escolalavilapalamos\/general\/cada-mirada-es-unica\/\" title=\"Read Cada mirada \u00e9s \u00fanica\">Llegeix m\u00e9s\u00bb<\/a><\/p>\n","protected":false},"author":132,"featured_media":13302,"comment_status":"open","ping_status":"closed","sticky":false,"template":"","format":"standard","meta":{"_bbp_topic_count":0,"_bbp_reply_count":0,"_bbp_total_topic_count":0,"_bbp_total_reply_count":0,"_bbp_voice_count":0,"_bbp_anonymous_reply_count":0,"_bbp_topic_count_hidden":0,"_bbp_reply_count_hidden":0,"_bbp_forum_subforum_count":0,"footnotes":""},"categories":[67,1,4],"tags":[],"class_list":["post-13298","post","type-post","status-publish","format-standard","has-post-thumbnail","hentry","category-especialistes","category-general","category-portada"],"post_mailing_queue_ids":[],"_links":{"self":[{"href":"https:\/\/agora.xtec.cat\/escolalavilapalamos\/wp-json\/wp\/v2\/posts\/13298","targetHints":{"allow":["GET"]}}],"collection":[{"href":"https:\/\/agora.xtec.cat\/escolalavilapalamos\/wp-json\/wp\/v2\/posts"}],"about":[{"href":"https:\/\/agora.xtec.cat\/escolalavilapalamos\/wp-json\/wp\/v2\/types\/post"}],"author":[{"embeddable":true,"href":"https:\/\/agora.xtec.cat\/escolalavilapalamos\/wp-json\/wp\/v2\/users\/132"}],"replies":[{"embeddable":true,"href":"https:\/\/agora.xtec.cat\/escolalavilapalamos\/wp-json\/wp\/v2\/comments?post=13298"}],"version-history":[{"count":2,"href":"https:\/\/agora.xtec.cat\/escolalavilapalamos\/wp-json\/wp\/v2\/posts\/13298\/revisions"}],"predecessor-version":[{"id":13304,"href":"https:\/\/agora.xtec.cat\/escolalavilapalamos\/wp-json\/wp\/v2\/posts\/13298\/revisions\/13304"}],"wp:featuredmedia":[{"embeddable":true,"href":"https:\/\/agora.xtec.cat\/escolalavilapalamos\/wp-json\/wp\/v2\/media\/13302"}],"wp:attachment":[{"href":"https:\/\/agora.xtec.cat\/escolalavilapalamos\/wp-json\/wp\/v2\/media?parent=13298"}],"wp:term":[{"taxonomy":"category","embeddable":true,"href":"https:\/\/agora.xtec.cat\/escolalavilapalamos\/wp-json\/wp\/v2\/categories?post=13298"},{"taxonomy":"post_tag","embeddable":true,"href":"https:\/\/agora.xtec.cat\/escolalavilapalamos\/wp-json\/wp\/v2\/tags?post=13298"}],"curies":[{"name":"wp","href":"https:\/\/api.w.org\/{rel}","templated":true}]}}