{"id":13294,"date":"2023-03-30T09:58:02","date_gmt":"2023-03-30T07:58:02","guid":{"rendered":"https:\/\/agora.xtec.cat\/escolalavilapalamos\/?p=13294"},"modified":"2023-03-30T09:58:43","modified_gmt":"2023-03-30T07:58:43","slug":"participem-en-el-projecte-intercentres-daules-dacollida-del-baix-emporda","status":"publish","type":"post","link":"https:\/\/agora.xtec.cat\/escolalavilapalamos\/general\/participem-en-el-projecte-intercentres-daules-dacollida-del-baix-emporda\/","title":{"rendered":"Participem en el projecte intercentres d&#8217;aules d&#8217;acollida del Baix Empord\u00e0"},"content":{"rendered":"<p><span style=\"font-weight: 400;\"><img loading=\"lazy\" decoding=\"async\" class=\"wp-image-13295 alignright\" src=\"https:\/\/agora.xtec.cat\/escolalavilapalamos\/wp-content\/uploads\/usu897\/2023\/03\/Videotrucada.jpg\" alt=\"\" width=\"433\" height=\"324\" srcset=\"https:\/\/agora.xtec.cat\/escolalavilapalamos\/wp-content\/uploads\/usu897\/2023\/03\/Videotrucada.jpg 591w, https:\/\/agora.xtec.cat\/escolalavilapalamos\/wp-content\/uploads\/usu897\/2023\/03\/Videotrucada-300x224.jpg 300w, https:\/\/agora.xtec.cat\/escolalavilapalamos\/wp-content\/uploads\/usu897\/2023\/03\/Videotrucada-200x150.jpg 200w\" sizes=\"auto, (max-width: 433px) 100vw, 433px\" \/>L\u2019aula d\u2019acollida de la nostra escola participa en un projecte impulsat per l\u2019equip LIC de la comarca, el <\/span><b>projecte intercentres<\/b><span style=\"font-weight: 400;\">. Aquest projecte, que col\u00b7loquialment les assessores LIC anomenen \u201ccasaments\u201d, consisteix en fer un cop a la setmana o quinzenalment, segons s\u2019acordi, unes videotrucades amb els alumnes d\u2019aula d\u2019acollida d\u2019altres escoles del Baix Empord\u00e0, per tal de fomentar la comunicaci\u00f3 entre l\u2019alumnat de les diferents escoles i, d\u2019aquesta manera, contribuir a la millora de l\u2019expressi\u00f3 oral dels infants participants.<\/span><\/p>\n<p><span style=\"font-weight: 400;\">En funci\u00f3 dels horaris i grups, cada escola pot escollir, depenent de la seva disponibilitat, amb quina o quines escoles es vol \u201ccasar\u201d i pot pactar amb elles els horaris en els quals seria factible de fer la videotrucada, sempre en horari lectiu. Les escoles amb les quals ens hem \u201ccasat\u201d s\u00f3n l\u2019escola Carrilet (Palafrugell), l\u2019escola Pedralta (Santa Cristina d\u2019Aro) i l\u2019escola La S\u00ednia (Sant Antoni de Calonge).<\/span><\/p>\n<p><span style=\"font-weight: 400;\">El nombre total de sessions \u00e9s de quatre per cada aparellament i es treballen els aspectes seg\u00fcents:\u00a0<\/span><\/p>\n<p><span style=\"font-weight: 400;\">1- Ens presentem (nom, edat, on viu, escola i curs que fa\u2026)<\/span><\/p>\n<p><span style=\"font-weight: 400;\">2- Ens coneixem (pa\u00eds d\u2019origen, fam\u00edlia, mestres i companys\/amics de l\u2019escola, com es troba a Catalunya\u2026)<\/span><\/p>\n<p><span style=\"font-weight: 400;\">3- Compartim el nostre dia a dia (rutines di\u00e0ries)<\/span><\/p>\n<p><span style=\"font-weight: 400;\">4- Avaluaci\u00f3-valoraci\u00f3 de l\u2019experi\u00e8ncia, tant per part de l\u2019alumnat com per part del professorat implicat en el projecte.<\/span><\/p>\n<p><span style=\"font-weight: 400;\">Finalment, i com a tancament o cloenda de l\u2019activitat, es preveu realitzar una sortida amb els alumnes participants per tal que es puguin con\u00e8ixer en persona i puguin gaudir d\u2019un dia de joc plegats. Segur que ens ho passarem d\u2019all\u00f2 m\u00e9s b\u00e9!<\/span><\/p>\n","protected":false},"excerpt":{"rendered":"<p>L\u2019aula d\u2019acollida de la nostra escola participa en un projecte impulsat per l\u2019equip LIC de la comarca, el projecte intercentres. Aquest projecte, que col\u00b7loquialment les assessores LIC anomenen \u201ccasaments\u201d, consisteix en fer un cop a la setmana o quinzenalment, segons s\u2019acordi, unes videotrucades amb els&hellip;  <a href=\"https:\/\/agora.xtec.cat\/escolalavilapalamos\/general\/participem-en-el-projecte-intercentres-daules-dacollida-del-baix-emporda\/\" title=\"Read Participem en el projecte intercentres d&#8217;aules d&#8217;acollida del Baix Empord\u00e0\">Llegeix m\u00e9s\u00bb<\/a><\/p>\n","protected":false},"author":17,"featured_media":13295,"comment_status":"open","ping_status":"closed","sticky":false,"template":"","format":"standard","meta":{"_bbp_topic_count":0,"_bbp_reply_count":0,"_bbp_total_topic_count":0,"_bbp_total_reply_count":0,"_bbp_voice_count":0,"_bbp_anonymous_reply_count":0,"_bbp_topic_count_hidden":0,"_bbp_reply_count_hidden":0,"_bbp_forum_subforum_count":0,"footnotes":""},"categories":[1,4],"tags":[],"class_list":["post-13294","post","type-post","status-publish","format-standard","has-post-thumbnail","hentry","category-general","category-portada"],"post_mailing_queue_ids":[],"_links":{"self":[{"href":"https:\/\/agora.xtec.cat\/escolalavilapalamos\/wp-json\/wp\/v2\/posts\/13294","targetHints":{"allow":["GET"]}}],"collection":[{"href":"https:\/\/agora.xtec.cat\/escolalavilapalamos\/wp-json\/wp\/v2\/posts"}],"about":[{"href":"https:\/\/agora.xtec.cat\/escolalavilapalamos\/wp-json\/wp\/v2\/types\/post"}],"author":[{"embeddable":true,"href":"https:\/\/agora.xtec.cat\/escolalavilapalamos\/wp-json\/wp\/v2\/users\/17"}],"replies":[{"embeddable":true,"href":"https:\/\/agora.xtec.cat\/escolalavilapalamos\/wp-json\/wp\/v2\/comments?post=13294"}],"version-history":[{"count":2,"href":"https:\/\/agora.xtec.cat\/escolalavilapalamos\/wp-json\/wp\/v2\/posts\/13294\/revisions"}],"predecessor-version":[{"id":13297,"href":"https:\/\/agora.xtec.cat\/escolalavilapalamos\/wp-json\/wp\/v2\/posts\/13294\/revisions\/13297"}],"wp:featuredmedia":[{"embeddable":true,"href":"https:\/\/agora.xtec.cat\/escolalavilapalamos\/wp-json\/wp\/v2\/media\/13295"}],"wp:attachment":[{"href":"https:\/\/agora.xtec.cat\/escolalavilapalamos\/wp-json\/wp\/v2\/media?parent=13294"}],"wp:term":[{"taxonomy":"category","embeddable":true,"href":"https:\/\/agora.xtec.cat\/escolalavilapalamos\/wp-json\/wp\/v2\/categories?post=13294"},{"taxonomy":"post_tag","embeddable":true,"href":"https:\/\/agora.xtec.cat\/escolalavilapalamos\/wp-json\/wp\/v2\/tags?post=13294"}],"curies":[{"name":"wp","href":"https:\/\/api.w.org\/{rel}","templated":true}]}}