{"id":13265,"date":"2023-03-29T14:44:07","date_gmt":"2023-03-29T12:44:07","guid":{"rendered":"https:\/\/agora.xtec.cat\/escolalavilapalamos\/?p=13265"},"modified":"2023-03-30T09:59:09","modified_gmt":"2023-03-30T07:59:09","slug":"english-a-i5","status":"publish","type":"post","link":"https:\/\/agora.xtec.cat\/escolalavilapalamos\/infantil\/english-a-i5\/","title":{"rendered":"ENGLISH a I5"},"content":{"rendered":"<p style=\"text-align: center;\"><img loading=\"lazy\" decoding=\"async\" class=\"wp-image-13268 alignright\" src=\"https:\/\/agora.xtec.cat\/escolalavilapalamos\/wp-content\/uploads\/usu897\/2023\/03\/16799992184721-scaled.jpg\" alt=\"\" width=\"375\" height=\"282\" srcset=\"https:\/\/agora.xtec.cat\/escolalavilapalamos\/wp-content\/uploads\/usu897\/2023\/03\/16799992184721-scaled.jpg 2560w, https:\/\/agora.xtec.cat\/escolalavilapalamos\/wp-content\/uploads\/usu897\/2023\/03\/16799992184721-300x225.jpg 300w, https:\/\/agora.xtec.cat\/escolalavilapalamos\/wp-content\/uploads\/usu897\/2023\/03\/16799992184721-1024x769.jpg 1024w, https:\/\/agora.xtec.cat\/escolalavilapalamos\/wp-content\/uploads\/usu897\/2023\/03\/16799992184721-768x577.jpg 768w, https:\/\/agora.xtec.cat\/escolalavilapalamos\/wp-content\/uploads\/usu897\/2023\/03\/16799992184721-1536x1153.jpg 1536w, https:\/\/agora.xtec.cat\/escolalavilapalamos\/wp-content\/uploads\/usu897\/2023\/03\/16799992184721-2048x1538.jpg 2048w, https:\/\/agora.xtec.cat\/escolalavilapalamos\/wp-content\/uploads\/usu897\/2023\/03\/16799992184721-200x150.jpg 200w\" sizes=\"auto, (max-width: 375px) 100vw, 375px\" \/><\/p>\n<p>Els nens i nenes d&#8217;I5 estem aprenent a comptar de l&#8217;1 al 10 en angl\u00e8s, els colors i el qu\u00e8 m\u00e9s ens agrada, els animals de granja!<\/p>\n<p>A les rutines ens saludem: <em>Good morning! <\/em>I som capa\u00e7os de respondre a la pregunta <em>How are you today? <\/em>amb diverses opcions: estic cansat, estic contenta, tinc gana&#8230;<\/p>\n<p>Treballem amb can\u00e7ons, contes, jocs i sobre paper.<\/p>\n<p>Si voleu veure les fotos cliqueu <a href=\"https:\/\/photos.app.goo.gl\/aL5dqpUMJP1E9Ybj9\">aqu\u00ed<\/a><\/p>\n<p>&nbsp;<\/p>\n<p>&nbsp;<\/p>\n","protected":false},"excerpt":{"rendered":"<p>Els nens i nenes d&#8217;I5 estem aprenent a comptar de l&#8217;1 al 10 en angl\u00e8s, els colors i el qu\u00e8 m\u00e9s ens agrada, els animals de granja!<br \/>\nA les rutines ens saludem: Good morning! I som capa\u00e7os de respondre a la pregunta How are you today?&hellip;  <a href=\"https:\/\/agora.xtec.cat\/escolalavilapalamos\/infantil\/english-a-i5\/\" title=\"Read ENGLISH a I5\">Llegeix m\u00e9s\u00bb<\/a><\/p>\n","protected":false},"author":131,"featured_media":13268,"comment_status":"open","ping_status":"closed","sticky":false,"template":"","format":"standard","meta":{"_bbp_topic_count":0,"_bbp_reply_count":0,"_bbp_total_topic_count":0,"_bbp_total_reply_count":0,"_bbp_voice_count":0,"_bbp_anonymous_reply_count":0,"_bbp_topic_count_hidden":0,"_bbp_reply_count_hidden":0,"_bbp_forum_subforum_count":0,"footnotes":""},"categories":[2,69,4],"tags":[],"class_list":["post-13265","post","type-post","status-publish","format-standard","has-post-thumbnail","hentry","category-infantil","category-english","category-portada"],"post_mailing_queue_ids":[],"_links":{"self":[{"href":"https:\/\/agora.xtec.cat\/escolalavilapalamos\/wp-json\/wp\/v2\/posts\/13265","targetHints":{"allow":["GET"]}}],"collection":[{"href":"https:\/\/agora.xtec.cat\/escolalavilapalamos\/wp-json\/wp\/v2\/posts"}],"about":[{"href":"https:\/\/agora.xtec.cat\/escolalavilapalamos\/wp-json\/wp\/v2\/types\/post"}],"author":[{"embeddable":true,"href":"https:\/\/agora.xtec.cat\/escolalavilapalamos\/wp-json\/wp\/v2\/users\/131"}],"replies":[{"embeddable":true,"href":"https:\/\/agora.xtec.cat\/escolalavilapalamos\/wp-json\/wp\/v2\/comments?post=13265"}],"version-history":[{"count":3,"href":"https:\/\/agora.xtec.cat\/escolalavilapalamos\/wp-json\/wp\/v2\/posts\/13265\/revisions"}],"predecessor-version":[{"id":13281,"href":"https:\/\/agora.xtec.cat\/escolalavilapalamos\/wp-json\/wp\/v2\/posts\/13265\/revisions\/13281"}],"wp:featuredmedia":[{"embeddable":true,"href":"https:\/\/agora.xtec.cat\/escolalavilapalamos\/wp-json\/wp\/v2\/media\/13268"}],"wp:attachment":[{"href":"https:\/\/agora.xtec.cat\/escolalavilapalamos\/wp-json\/wp\/v2\/media?parent=13265"}],"wp:term":[{"taxonomy":"category","embeddable":true,"href":"https:\/\/agora.xtec.cat\/escolalavilapalamos\/wp-json\/wp\/v2\/categories?post=13265"},{"taxonomy":"post_tag","embeddable":true,"href":"https:\/\/agora.xtec.cat\/escolalavilapalamos\/wp-json\/wp\/v2\/tags?post=13265"}],"curies":[{"name":"wp","href":"https:\/\/api.w.org\/{rel}","templated":true}]}}