{"id":13262,"date":"2023-03-31T10:45:51","date_gmt":"2023-03-31T08:45:51","guid":{"rendered":"https:\/\/agora.xtec.cat\/escolalavilapalamos\/?p=13262"},"modified":"2023-03-31T12:51:42","modified_gmt":"2023-03-31T10:51:42","slug":"el-sistema-sol-terra-lluna-a-3r","status":"publish","type":"post","link":"https:\/\/agora.xtec.cat\/escolalavilapalamos\/general\/el-sistema-sol-terra-lluna-a-3r\/","title":{"rendered":"El Sistema Sol-Terra-Lluna a 3r"},"content":{"rendered":"<p style=\"text-align: left;\">Els i les alumnes de 3r hem estat estudiant <strong>el sistema Sol-Terra-Lluna<\/strong>.<img loading=\"lazy\" decoding=\"async\" class=\"wp-image-13289 alignright\" src=\"https:\/\/agora.xtec.cat\/escolalavilapalamos\/wp-content\/uploads\/usu897\/2023\/03\/IMG_0534-1.jpg\" alt=\"\" width=\"396\" height=\"297\" srcset=\"https:\/\/agora.xtec.cat\/escolalavilapalamos\/wp-content\/uploads\/usu897\/2023\/03\/IMG_0534-1.jpg 1104w, https:\/\/agora.xtec.cat\/escolalavilapalamos\/wp-content\/uploads\/usu897\/2023\/03\/IMG_0534-1-300x225.jpg 300w, https:\/\/agora.xtec.cat\/escolalavilapalamos\/wp-content\/uploads\/usu897\/2023\/03\/IMG_0534-1-1024x768.jpg 1024w, https:\/\/agora.xtec.cat\/escolalavilapalamos\/wp-content\/uploads\/usu897\/2023\/03\/IMG_0534-1-768x576.jpg 768w, https:\/\/agora.xtec.cat\/escolalavilapalamos\/wp-content\/uploads\/usu897\/2023\/03\/IMG_0534-1-200x150.jpg 200w\" sizes=\"auto, (max-width: 396px) 100vw, 396px\" \/><br \/>\nTen\u00edem un munt de preguntes per investigar, com per exemple:<br \/>\n&#8211; Per qu\u00e8 si la lluna \u00e9s sencera, a vegades nom\u00e9s en veiem un trosset?<br \/>\n&#8211; Per qu\u00e8 alguns dies quan sortim de l&#8217;escola ja \u00e9s gaireb\u00e9 fosc i altres dies \u00e9s ben clar?<br \/>\n&#8211; Per qu\u00e8 el sol de l&#8217;hivern no ens escalfa tant ni ens fa suar com el de l&#8217;estiu?<br \/>\n&#8211; Per qu\u00e8 quan en alguns pa\u00efsos \u00e9s hivern, en d&#8217;altres \u00e9s estiu?<br \/>\n&#8211; Per qu\u00e8 es produeixen les marees?<\/p>\n<p style=\"text-align: left;\">Entre tots vam aconseguir agrupar-les per temes i vam organitzar-nos en equips de treball per poder investigar-les.<br \/>\nA partir d&#8217;aqu\u00ed, hem apr\u00e8s els moviments que fa la Terra i hem vist com el moviment de rotaci\u00f3 dona lloc al dia i la nit i com el moviment de translaci\u00f3 genera les estacions de l&#8217;any. Aix\u00ed hem ent\u00e8s perqu\u00e8 hi ha equinoccis i solsticis.<br \/>\nEns hem quedat bocabadats quan hem sabut que l&#8217;any no dura 365 dies sin\u00f3 que dura 365 dies i 6 hores. Aix\u00f2 ens ha ajudat a entendre perqu\u00e8 cada 4 anys tenim al calendari el dia 29 de febrer.<br \/>\nFinalment, ens hem endinsat al m\u00f3n de la lluna per con\u00e8ixer el nostre sat\u00e8l\u00b7lit natural. Hem vivenciat les seves fases amb una llanterna que simulava el Sol i un cop ent\u00e8s, hem fet una maqueta.<br \/>\nEl projecte ha finalitzat amb una exposici\u00f3 oral on cada equip de treball ha donat resposta a les preguntes que havia investigat. Aix\u00ed, hem apr\u00e8s a utilitzar el <em>Drive<\/em> i a crear documents de presentaci\u00f3 <em>(Power Point).<\/em><\/p>\n<p style=\"text-align: center;\">Trobareu les fotos del proc\u00e9s i resultat del projecte <a href=\"https:\/\/photos.app.goo.gl\/CC451Nz9WosfkHE49\">aqu\u00ed<\/a><\/p>\n","protected":false},"excerpt":{"rendered":"<p>Els i les alumnes de 3r hem estat estudiant el sistema Sol-Terra-Lluna.<br \/>\nTen\u00edem un munt de preguntes per investigar, com per exemple:<br \/>\n&#8211; Per qu\u00e8 si la lluna \u00e9s sencera, a vegades nom\u00e9s en veiem un trosset?<br \/>\n&#8211; Per qu\u00e8 alguns dies quan sortim de l&#8217;escola ja \u00e9s&hellip;  <a href=\"https:\/\/agora.xtec.cat\/escolalavilapalamos\/general\/el-sistema-sol-terra-lluna-a-3r\/\" title=\"Read El Sistema Sol-Terra-Lluna a 3r\">Llegeix m\u00e9s\u00bb<\/a><\/p>\n","protected":false},"author":1,"featured_media":13289,"comment_status":"open","ping_status":"closed","sticky":false,"template":"","format":"standard","meta":{"_bbp_topic_count":0,"_bbp_reply_count":0,"_bbp_total_topic_count":0,"_bbp_total_reply_count":0,"_bbp_voice_count":0,"_bbp_anonymous_reply_count":0,"_bbp_topic_count_hidden":0,"_bbp_reply_count_hidden":0,"_bbp_forum_subforum_count":0,"footnotes":""},"categories":[127,1,4,5],"tags":[157,155,156],"class_list":["post-13262","post","type-post","status-publish","format-standard","has-post-thumbnail","hentry","category-comunitat-de-mitjans","category-general","category-portada","category-primaria","tag-fases-lunars","tag-sistema-solar","tag-treball-globalitzat"],"post_mailing_queue_ids":[],"_links":{"self":[{"href":"https:\/\/agora.xtec.cat\/escolalavilapalamos\/wp-json\/wp\/v2\/posts\/13262","targetHints":{"allow":["GET"]}}],"collection":[{"href":"https:\/\/agora.xtec.cat\/escolalavilapalamos\/wp-json\/wp\/v2\/posts"}],"about":[{"href":"https:\/\/agora.xtec.cat\/escolalavilapalamos\/wp-json\/wp\/v2\/types\/post"}],"author":[{"embeddable":true,"href":"https:\/\/agora.xtec.cat\/escolalavilapalamos\/wp-json\/wp\/v2\/users\/1"}],"replies":[{"embeddable":true,"href":"https:\/\/agora.xtec.cat\/escolalavilapalamos\/wp-json\/wp\/v2\/comments?post=13262"}],"version-history":[{"count":3,"href":"https:\/\/agora.xtec.cat\/escolalavilapalamos\/wp-json\/wp\/v2\/posts\/13262\/revisions"}],"predecessor-version":[{"id":13311,"href":"https:\/\/agora.xtec.cat\/escolalavilapalamos\/wp-json\/wp\/v2\/posts\/13262\/revisions\/13311"}],"wp:featuredmedia":[{"embeddable":true,"href":"https:\/\/agora.xtec.cat\/escolalavilapalamos\/wp-json\/wp\/v2\/media\/13289"}],"wp:attachment":[{"href":"https:\/\/agora.xtec.cat\/escolalavilapalamos\/wp-json\/wp\/v2\/media?parent=13262"}],"wp:term":[{"taxonomy":"category","embeddable":true,"href":"https:\/\/agora.xtec.cat\/escolalavilapalamos\/wp-json\/wp\/v2\/categories?post=13262"},{"taxonomy":"post_tag","embeddable":true,"href":"https:\/\/agora.xtec.cat\/escolalavilapalamos\/wp-json\/wp\/v2\/tags?post=13262"}],"curies":[{"name":"wp","href":"https:\/\/api.w.org\/{rel}","templated":true}]}}