{"id":13251,"date":"2023-03-28T10:02:26","date_gmt":"2023-03-28T08:02:26","guid":{"rendered":"https:\/\/agora.xtec.cat\/escolalavilapalamos\/?p=13251"},"modified":"2023-03-29T14:45:11","modified_gmt":"2023-03-29T12:45:11","slug":"jornades-esportives-2023","status":"publish","type":"post","link":"https:\/\/agora.xtec.cat\/escolalavilapalamos\/general\/jornades-esportives-2023\/","title":{"rendered":"Jornades esportives 2023"},"content":{"rendered":"<p><img loading=\"lazy\" decoding=\"async\" class=\"wp-image-13253 alignright\" src=\"https:\/\/agora.xtec.cat\/escolalavilapalamos\/wp-content\/uploads\/usu897\/2023\/03\/programa-cros-1.jpg\" alt=\"\" width=\"359\" height=\"359\" srcset=\"https:\/\/agora.xtec.cat\/escolalavilapalamos\/wp-content\/uploads\/usu897\/2023\/03\/programa-cros-1.jpg 2006w, https:\/\/agora.xtec.cat\/escolalavilapalamos\/wp-content\/uploads\/usu897\/2023\/03\/programa-cros-1-300x300.jpg 300w, https:\/\/agora.xtec.cat\/escolalavilapalamos\/wp-content\/uploads\/usu897\/2023\/03\/programa-cros-1-1024x1024.jpg 1024w, https:\/\/agora.xtec.cat\/escolalavilapalamos\/wp-content\/uploads\/usu897\/2023\/03\/programa-cros-1-150x150.jpg 150w, https:\/\/agora.xtec.cat\/escolalavilapalamos\/wp-content\/uploads\/usu897\/2023\/03\/programa-cros-1-768x768.jpg 768w, https:\/\/agora.xtec.cat\/escolalavilapalamos\/wp-content\/uploads\/usu897\/2023\/03\/programa-cros-1-1536x1536.jpg 1536w\" sizes=\"auto, (max-width: 359px) 100vw, 359px\" \/>La darrera setmana del trimestre participem a les <strong>Jornades Esportives de Palam\u00f3s<\/strong>. Tots els alumnes de Prim\u00e0ria i Secund\u00e0ria de les escoles del municipi realitzem unes jornades esportives amb el calendari seg\u00fcent:<\/p>\n<p><strong>Dimarts 28 de mar\u00e7<\/strong><em> Jornada multiesportiva<\/em> (1r i 2n) a l&#8217; Estadi municipal<\/p>\n<p><strong>Dimecres 29 de mar\u00e7<\/strong> <em>Cros atl\u00e8tic<\/em> (3r i 4t) a l&#8217; Estadi municipal<\/p>\n<p><strong>Dijous 30 de mar\u00e7<\/strong> <em>Curs d&#8217;Orientaci\u00f3<\/em> (5\u00e8 i 6\u00e8) a Cap Gros<\/p>\n<p>Els tutors\/es us especificaran el material que necessiten.<\/p>\n<p>Properament podreu veure una mostra audiovisual de les activitats que han realitzat aquests dies.<\/p>\n<p>&nbsp;<\/p>\n","protected":false},"excerpt":{"rendered":"<p>La darrera setmana del trimestre participem a les Jornades Esportives de Palam\u00f3s. Tots els alumnes de Prim\u00e0ria i Secund\u00e0ria de les escoles del municipi realitzem unes jornades esportives amb el calendari seg\u00fcent:<br \/>\nDimarts 28 de mar\u00e7 Jornada multiesportiva (1r i 2n) a l&#8217; Estadi municipal<br \/>\nDimecres 29&hellip;  <a href=\"https:\/\/agora.xtec.cat\/escolalavilapalamos\/general\/jornades-esportives-2023\/\" title=\"Read Jornades esportives 2023\">Llegeix m\u00e9s\u00bb<\/a><\/p>\n","protected":false},"author":1,"featured_media":13253,"comment_status":"open","ping_status":"closed","sticky":false,"template":"","format":"standard","meta":{"_bbp_topic_count":0,"_bbp_reply_count":0,"_bbp_total_topic_count":0,"_bbp_total_reply_count":0,"_bbp_voice_count":0,"_bbp_anonymous_reply_count":0,"_bbp_topic_count_hidden":0,"_bbp_reply_count_hidden":0,"_bbp_forum_subforum_count":0,"footnotes":""},"categories":[70,1,4],"tags":[],"class_list":["post-13251","post","type-post","status-publish","format-standard","has-post-thumbnail","hentry","category-efi","category-general","category-portada"],"post_mailing_queue_ids":[],"_links":{"self":[{"href":"https:\/\/agora.xtec.cat\/escolalavilapalamos\/wp-json\/wp\/v2\/posts\/13251","targetHints":{"allow":["GET"]}}],"collection":[{"href":"https:\/\/agora.xtec.cat\/escolalavilapalamos\/wp-json\/wp\/v2\/posts"}],"about":[{"href":"https:\/\/agora.xtec.cat\/escolalavilapalamos\/wp-json\/wp\/v2\/types\/post"}],"author":[{"embeddable":true,"href":"https:\/\/agora.xtec.cat\/escolalavilapalamos\/wp-json\/wp\/v2\/users\/1"}],"replies":[{"embeddable":true,"href":"https:\/\/agora.xtec.cat\/escolalavilapalamos\/wp-json\/wp\/v2\/comments?post=13251"}],"version-history":[{"count":3,"href":"https:\/\/agora.xtec.cat\/escolalavilapalamos\/wp-json\/wp\/v2\/posts\/13251\/revisions"}],"predecessor-version":[{"id":13255,"href":"https:\/\/agora.xtec.cat\/escolalavilapalamos\/wp-json\/wp\/v2\/posts\/13251\/revisions\/13255"}],"wp:featuredmedia":[{"embeddable":true,"href":"https:\/\/agora.xtec.cat\/escolalavilapalamos\/wp-json\/wp\/v2\/media\/13253"}],"wp:attachment":[{"href":"https:\/\/agora.xtec.cat\/escolalavilapalamos\/wp-json\/wp\/v2\/media?parent=13251"}],"wp:term":[{"taxonomy":"category","embeddable":true,"href":"https:\/\/agora.xtec.cat\/escolalavilapalamos\/wp-json\/wp\/v2\/categories?post=13251"},{"taxonomy":"post_tag","embeddable":true,"href":"https:\/\/agora.xtec.cat\/escolalavilapalamos\/wp-json\/wp\/v2\/tags?post=13251"}],"curies":[{"name":"wp","href":"https:\/\/api.w.org\/{rel}","templated":true}]}}