{"id":13228,"date":"2023-04-11T08:00:54","date_gmt":"2023-04-11T06:00:54","guid":{"rendered":"https:\/\/agora.xtec.cat\/escolalavilapalamos\/?p=13228"},"modified":"2023-03-22T09:19:43","modified_gmt":"2023-03-22T08:19:43","slug":"sortida-al-cosmocaixa-de-6e","status":"publish","type":"post","link":"https:\/\/agora.xtec.cat\/escolalavilapalamos\/general\/sortida-al-cosmocaixa-de-6e\/","title":{"rendered":"Sortida al Cosmocaixa de 6\u00e8"},"content":{"rendered":"<p><img loading=\"lazy\" decoding=\"async\" class=\"wp-image-13229 alignright\" src=\"https:\/\/agora.xtec.cat\/escolalavilapalamos\/wp-content\/uploads\/usu897\/2023\/03\/Cosmocaixa.png\" alt=\"\" width=\"535\" height=\"301\" srcset=\"https:\/\/agora.xtec.cat\/escolalavilapalamos\/wp-content\/uploads\/usu897\/2023\/03\/Cosmocaixa.png 1120w, https:\/\/agora.xtec.cat\/escolalavilapalamos\/wp-content\/uploads\/usu897\/2023\/03\/Cosmocaixa-300x169.png 300w, https:\/\/agora.xtec.cat\/escolalavilapalamos\/wp-content\/uploads\/usu897\/2023\/03\/Cosmocaixa-1024x576.png 1024w, https:\/\/agora.xtec.cat\/escolalavilapalamos\/wp-content\/uploads\/usu897\/2023\/03\/Cosmocaixa-768x432.png 768w\" sizes=\"auto, (max-width: 535px) 100vw, 535px\" \/>El proper dilluns 24 d&#8217;abril <strong>els nois i noies de 6\u00e8 anem al Cosmocaixa de Barcelona<\/strong>. All\u00e0 realitzarem un taller de circuits electr\u00f2nics que tancar\u00e0 el treball globalitzat sobre energies i electricitat.<\/p>\n<p>El preu de l&#8217;excursi\u00f3 est\u00e0 incl\u00f2s en el pagament de la quota d&#8217;inici de curs.<\/p>\n<p>Hora i lloc de Sortida al Camp de futbol de Palam\u00f3s a les 8:00 h Arribada al mateix lloc a les 16: 30h<\/p>\n<p>Cal portar esmorzar, dinar, aigua, roba i cal\u00e7at c\u00f2mode.<\/p>\n<p>Cal retornar l&#8217;autoritzaci\u00f3 signada abans del 19 d&#8217;abril. <a href=\"https:\/\/drive.google.com\/file\/d\/1enKTcIVVF4EnSKfrgO3ZUgna3zwncb8Y\/view?usp=sharing\">Us podeu descarregar l&#8217;autoritzaci\u00f3 aqu\u00ed<\/a><\/p>\n","protected":false},"excerpt":{"rendered":"<p>El proper dilluns 24 d&#8217;abril els nois i noies de 6\u00e8 anem al Cosmocaixa de Barcelona. All\u00e0 realitzarem un taller de circuits electr\u00f2nics que tancar\u00e0 el treball globalitzat sobre energies i electricitat.<br \/>\nEl preu de l&#8217;excursi\u00f3 est\u00e0 incl\u00f2s en el pagament de la quota d&#8217;inici de&hellip;  <a href=\"https:\/\/agora.xtec.cat\/escolalavilapalamos\/general\/sortida-al-cosmocaixa-de-6e\/\" title=\"Read Sortida al Cosmocaixa de 6\u00e8\">Llegeix m\u00e9s\u00bb<\/a><\/p>\n","protected":false},"author":1,"featured_media":13229,"comment_status":"open","ping_status":"closed","sticky":false,"template":"","format":"standard","meta":{"_bbp_topic_count":0,"_bbp_reply_count":0,"_bbp_total_topic_count":0,"_bbp_total_reply_count":0,"_bbp_voice_count":0,"_bbp_anonymous_reply_count":0,"_bbp_topic_count_hidden":0,"_bbp_reply_count_hidden":0,"_bbp_forum_subforum_count":0,"footnotes":""},"categories":[128,1,4],"tags":[],"class_list":["post-13228","post","type-post","status-publish","format-standard","has-post-thumbnail","hentry","category-comunitat-de-grans","category-general","category-portada"],"post_mailing_queue_ids":[],"_links":{"self":[{"href":"https:\/\/agora.xtec.cat\/escolalavilapalamos\/wp-json\/wp\/v2\/posts\/13228","targetHints":{"allow":["GET"]}}],"collection":[{"href":"https:\/\/agora.xtec.cat\/escolalavilapalamos\/wp-json\/wp\/v2\/posts"}],"about":[{"href":"https:\/\/agora.xtec.cat\/escolalavilapalamos\/wp-json\/wp\/v2\/types\/post"}],"author":[{"embeddable":true,"href":"https:\/\/agora.xtec.cat\/escolalavilapalamos\/wp-json\/wp\/v2\/users\/1"}],"replies":[{"embeddable":true,"href":"https:\/\/agora.xtec.cat\/escolalavilapalamos\/wp-json\/wp\/v2\/comments?post=13228"}],"version-history":[{"count":2,"href":"https:\/\/agora.xtec.cat\/escolalavilapalamos\/wp-json\/wp\/v2\/posts\/13228\/revisions"}],"predecessor-version":[{"id":13231,"href":"https:\/\/agora.xtec.cat\/escolalavilapalamos\/wp-json\/wp\/v2\/posts\/13228\/revisions\/13231"}],"wp:featuredmedia":[{"embeddable":true,"href":"https:\/\/agora.xtec.cat\/escolalavilapalamos\/wp-json\/wp\/v2\/media\/13229"}],"wp:attachment":[{"href":"https:\/\/agora.xtec.cat\/escolalavilapalamos\/wp-json\/wp\/v2\/media?parent=13228"}],"wp:term":[{"taxonomy":"category","embeddable":true,"href":"https:\/\/agora.xtec.cat\/escolalavilapalamos\/wp-json\/wp\/v2\/categories?post=13228"},{"taxonomy":"post_tag","embeddable":true,"href":"https:\/\/agora.xtec.cat\/escolalavilapalamos\/wp-json\/wp\/v2\/tags?post=13228"}],"curies":[{"name":"wp","href":"https:\/\/api.w.org\/{rel}","templated":true}]}}